{"id":51855,"date":"2025-08-30T19:45:11","date_gmt":"2025-08-30T19:45:11","guid":{"rendered":"https:\/\/www.europesays.com\/pt\/51855\/"},"modified":"2025-08-30T19:45:11","modified_gmt":"2025-08-30T19:45:11","slug":"google-sofre-ataque-hacker-saiba-como-se-proteger","status":"publish","type":"post","link":"https:\/\/www.europesays.com\/pt\/51855\/","title":{"rendered":"Google sofre ataque hacker; saiba como se proteger"},"content":{"rendered":"<p>A\u00e7\u00e3o envolveu falha em banco de dados da Salesforce e exp\u00f4s contas da Big Tech a tentativas de invas\u00e3o<\/p>\n<p>  <img class=\"content-first-image wp-image-1869486 size-large\" loading=\"eager\" decoding=\"sync\" fetchpriority=\"high\" src=\"https:\/\/www.europesays.com\/pt\/wp-content\/uploads\/2025\/08\/white-notebook-black-data-firewall-1300x903.jpg\" alt=\"Ataque hacker fez com que Google alertasse usu\u00e1rios\" width=\"1300\" height=\"903\"  \/>Ataque hacker fez com que Google alertasse usu\u00e1rios \u2013 Foto: jcomp\/Freepik\/Reprodu\u00e7\u00e3o\/ND<\/p>\n<p>Um <a href=\"https:\/\/ndmais.com.br\/tecnologia\/fbi-emite-alerta-urgente-para-todos-os-usuarios-do-gmail\/\" rel=\"nofollow noopener\" target=\"_blank\">ataque global de hackers \u00e0s plataformas do Google<\/a> levou a empresa a emitir um alerta para os seus 2,5 bilh\u00f5es de usu\u00e1rios nesta semana. A principal recomenda\u00e7\u00e3o \u00e9 que as senhas sejam alteradas assim que houver suspeita de que as invas\u00f5es foram bem-sucedidas.<\/p>\n<p>O comunicado refor\u00e7a a necessidade de aten\u00e7\u00e3o m\u00e1xima a atividades suspeitas nas contas. Entre as medidas adicionais sugeridas est\u00e3o a ativa\u00e7\u00e3o da autentica\u00e7\u00e3o em dois fatores e a cria\u00e7\u00e3o de senhas mais robustas.<\/p>\n<p>Ataque hacker explorou falha em banco de dados da Salesforce usado pelo Google<\/p>\n<p>O ataque est\u00e1 relacionado \u00e0 viola\u00e7\u00e3o de um banco de dados da Salesforce, plataforma utilizada pelo Google, registrada em junho de 2025. O incidente explorou falhas de seguran\u00e7a e chegou a enganar funcion\u00e1rios da pr\u00f3pria empresa.<\/p>\n<p><img class=\"wp-image-2603825 size-full\" loading=\"lazy\" decoding=\"async\" src=\"https:\/\/www.europesays.com\/pt\/wp-content\/uploads\/2025\/08\/1756583110_380_google.jpg\" alt=\"Google recomenda para que senhas sejam trocadas constantemente, mesmo que n\u00e3o haja suspeita de invas\u00e3o\" width=\"1200\" height=\"700\"  \/>Google recomenda para que senhas sejam trocadas constantemente, mesmo que n\u00e3o haja suspeita de invas\u00e3o \u2013 Foto: Divulga\u00e7\u00e3o\/ND<\/p>\n<p>Recentemente, os golpes t\u00eam ocorrido por meio de e-mails que direcionam usu\u00e1rios para p\u00e1ginas falsas de login ou solicitam c\u00f3digos de autentica\u00e7\u00e3o, permitindo que terceiros acessem as contas.<\/p>\n<p>Segundo o Google, a viola\u00e7\u00e3o resultou principalmente no acesso a informa\u00e7\u00f5es j\u00e1 p\u00fablicas. A primeira notifica\u00e7\u00e3o oficial aos usu\u00e1rios afetados foi enviada em 8 de agosto. A empresa destacou que a atualiza\u00e7\u00e3o das senhas reduz significativamente o risco de comprometimento dos dados.<\/p>\n<p>Como proteger sua conta contra vazamento de dados em ataque hacker?<img class=\"wp-image-1853954 size-large\" loading=\"lazy\" decoding=\"async\" src=\"https:\/\/www.europesays.com\/pt\/wp-content\/uploads\/2025\/08\/istock-1365847213-1300x846.jpg\" alt=\"Falha em seguran\u00e7a de banco de dados causou ataque\" width=\"1300\" height=\"846\"  \/>Falha em seguran\u00e7a de banco de dados causou ataque \u2013 Foto: iStock\/Divulga\u00e7\u00e3o\/its Teens<\/p>\n<p>Diante do ataque, o Google publicou uma lista de pr\u00e1ticas essenciais para refor\u00e7ar a seguran\u00e7a digital:<\/p>\n<ul>\n<li>Criar senhas fortes e exclusivas para cada servi\u00e7o<\/li>\n<li>Alterar senhas regularmente, mesmo sem suspeita de invas\u00e3o<\/li>\n<li><a href=\"https:\/\/ndmais.com.br\/diversao\/hackers-a-vista-aprenda-a-se-defender-com-a-autenticacao-de-dois-fatores-e-boas-praticas\/\" rel=\"nofollow noopener\" target=\"_blank\">Usar autentica\u00e7\u00e3o em dois fatores<\/a><\/li>\n<li>Desconfiar de e-mails suspeitos e links desconhecidos<\/li>\n<\/ul>\n","protected":false},"excerpt":{"rendered":"A\u00e7\u00e3o envolveu falha em banco de dados da Salesforce e exp\u00f4s contas da Big Tech a tentativas de&hellip;\n","protected":false},"author":2,"featured_media":51856,"comment_status":"","ping_status":"","sticky":false,"template":"","format":"standard","meta":{"footnotes":""},"categories":[84],"tags":[726,109,107,108,7886,1968,32,33,105,103,104,9981,106,110],"class_list":{"0":"post-51855","1":"post","2":"type-post","3":"status-publish","4":"format-standard","5":"has-post-thumbnail","7":"category-ciencia-e-tecnologia","8":"tag-brasil","9":"tag-ciencia","10":"tag-ciencia-e-tecnologia","11":"tag-cienciaetecnologia","12":"tag-nacional-hard-news","13":"tag-notcia","14":"tag-portugal","15":"tag-pt","16":"tag-science","17":"tag-science-and-technology","18":"tag-scienceandtechnology","19":"tag-segurana","20":"tag-technology","21":"tag-tecnologia"},"share_on_mastodon":{"url":"","error":""},"_links":{"self":[{"href":"https:\/\/www.europesays.com\/pt\/wp-json\/wp\/v2\/posts\/51855","targetHints":{"allow":["GET"]}}],"collection":[{"href":"https:\/\/www.europesays.com\/pt\/wp-json\/wp\/v2\/posts"}],"about":[{"href":"https:\/\/www.europesays.com\/pt\/wp-json\/wp\/v2\/types\/post"}],"author":[{"embeddable":true,"href":"https:\/\/www.europesays.com\/pt\/wp-json\/wp\/v2\/users\/2"}],"replies":[{"embeddable":true,"href":"https:\/\/www.europesays.com\/pt\/wp-json\/wp\/v2\/comments?post=51855"}],"version-history":[{"count":0,"href":"https:\/\/www.europesays.com\/pt\/wp-json\/wp\/v2\/posts\/51855\/revisions"}],"wp:featuredmedia":[{"embeddable":true,"href":"https:\/\/www.europesays.com\/pt\/wp-json\/wp\/v2\/media\/51856"}],"wp:attachment":[{"href":"https:\/\/www.europesays.com\/pt\/wp-json\/wp\/v2\/media?parent=51855"}],"wp:term":[{"taxonomy":"category","embeddable":true,"href":"https:\/\/www.europesays.com\/pt\/wp-json\/wp\/v2\/categories?post=51855"},{"taxonomy":"post_tag","embeddable":true,"href":"https:\/\/www.europesays.com\/pt\/wp-json\/wp\/v2\/tags?post=51855"}],"curies":[{"name":"wp","href":"https:\/\/api.w.org\/{rel}","templated":true}]}}