{"id":51859,"date":"2025-08-30T19:53:05","date_gmt":"2025-08-30T19:53:05","guid":{"rendered":"https:\/\/www.europesays.com\/pt\/51859\/"},"modified":"2025-08-30T19:53:05","modified_gmt":"2025-08-30T19:53:05","slug":"paris-e-berlim-reforcam-kiev-apos-ataques-russos","status":"publish","type":"post","link":"https:\/\/www.europesays.com\/pt\/51859\/","title":{"rendered":"Paris e Berlim Refor\u00e7am Kiev Ap\u00f3s Ataques Russos"},"content":{"rendered":"<p>Paris e Berlim v\u00e3o fornecer mais defesas a\u00e9reas \u00e0 Ucr\u00e2nia, ap\u00f3s os ataques russos maci\u00e7os nas \u00faltimas semanas, indicou um comunicado conjunto emitido esta sexta-feira, 29 de agosto, ap\u00f3s um encontro entre os l\u00edderes franc\u00eas e alem\u00e3o.<\/p>\n<p>&#8220;<strong>Apesar dos intensos esfor\u00e7os diplom\u00e1ticos, a R\u00fassia n\u00e3o demonstra inten\u00e7\u00e3o de interromper a sua guerra de agress\u00e3o contra a Ucr\u00e2nia<\/strong>&#8220;, sublinharam Paris e Berlim, na nota, ap\u00f3s o encontro entre o Presidente franc\u00eas, Emmanuel Macron, e o chanceler alem\u00e3o, Friedrich Merz, no sul de Fran\u00e7a.<\/p>\n<p>Um ataque russo \u00e0 capital ucraniana, na madrugada de quinta-feira, causou pelo menos 23 mortos e v\u00e1rias dezenas de feridos, al\u00e9m de atingir cerca de uma centena de edif\u00edcios, entre os quais o da delega\u00e7\u00e3o da Uni\u00e3o Europeia em Kiev.<\/p>\n<p>Ap\u00f3s a reuni\u00e3o de hoje, o chefe de Estado franc\u00eas garantiu que Fran\u00e7a e Alemanha continuar\u00e3o a &#8220;pressionar&#8221; para que san\u00e7\u00f5es adicionais sejam impostas \u00e0 R\u00fassia para for\u00e7ar Moscovo a negociar o fim da guerra na Ucr\u00e2nia.<\/p>\n<p>&#8220;<strong>Continuaremos a exercer press\u00e3o para que san\u00e7\u00f5es adicionais sejam tomadas por n\u00f3s mesmos, e estamos prontos para faz\u00ea-lo, mas tamb\u00e9m pelos Estados Unidos da Am\u00e9rica para for\u00e7ar a R\u00fassia a voltar \u00e0 mesa<\/strong>&#8221; das negocia\u00e7\u00f5es sobre a guerra na Ucr\u00e2nia, disse Macron, ao lado do chanceler alem\u00e3o.<\/p>\n<p>Segundo o chefe de Estado franc\u00eas, os &#8220;pr\u00f3ximos dias ser\u00e3o decisivos&#8221; para Moscovo mostrar sinais da sua disposi\u00e7\u00e3o de acabar com o conflito, como pretende o Presidente dos Estados Unidos, Donald Trump.<\/p>\n","protected":false},"excerpt":{"rendered":"Paris e Berlim v\u00e3o fornecer mais defesas a\u00e9reas \u00e0 Ucr\u00e2nia, ap\u00f3s os ataques russos maci\u00e7os nas \u00faltimas semanas,&hellip;\n","protected":false},"author":2,"featured_media":51860,"comment_status":"","ping_status":"","sticky":false,"template":"","format":"standard","meta":{"footnotes":""},"categories":[50],"tags":[1305,27,28,15,16,208,8307,889,14,25,26,533,21,22,62,12,13,19,20,23,24,839,17,18,29,30,31,63,64,65],"class_list":{"0":"post-51859","1":"post","2":"type-post","3":"status-publish","4":"format-standard","5":"has-post-thumbnail","7":"category-mundo","8":"tag-alemanha","9":"tag-breaking-news","10":"tag-breakingnews","11":"tag-featured-news","12":"tag-featurednews","13":"tag-franca","14":"tag-friedrich-merz","15":"tag-guerra-na-ucrania","16":"tag-headlines","17":"tag-latest-news","18":"tag-latestnews","19":"tag-macron","20":"tag-main-news","21":"tag-mainnews","22":"tag-mundo","23":"tag-news","24":"tag-noticias","25":"tag-noticias-principais","26":"tag-noticiasprincipais","27":"tag-principais-noticias","28":"tag-principaisnoticias","29":"tag-russia","30":"tag-top-stories","31":"tag-topstories","32":"tag-ultimas","33":"tag-ultimas-noticias","34":"tag-ultimasnoticias","35":"tag-world","36":"tag-world-news","37":"tag-worldnews"},"share_on_mastodon":{"url":"","error":""},"_links":{"self":[{"href":"https:\/\/www.europesays.com\/pt\/wp-json\/wp\/v2\/posts\/51859","targetHints":{"allow":["GET"]}}],"collection":[{"href":"https:\/\/www.europesays.com\/pt\/wp-json\/wp\/v2\/posts"}],"about":[{"href":"https:\/\/www.europesays.com\/pt\/wp-json\/wp\/v2\/types\/post"}],"author":[{"embeddable":true,"href":"https:\/\/www.europesays.com\/pt\/wp-json\/wp\/v2\/users\/2"}],"replies":[{"embeddable":true,"href":"https:\/\/www.europesays.com\/pt\/wp-json\/wp\/v2\/comments?post=51859"}],"version-history":[{"count":0,"href":"https:\/\/www.europesays.com\/pt\/wp-json\/wp\/v2\/posts\/51859\/revisions"}],"wp:featuredmedia":[{"embeddable":true,"href":"https:\/\/www.europesays.com\/pt\/wp-json\/wp\/v2\/media\/51860"}],"wp:attachment":[{"href":"https:\/\/www.europesays.com\/pt\/wp-json\/wp\/v2\/media?parent=51859"}],"wp:term":[{"taxonomy":"category","embeddable":true,"href":"https:\/\/www.europesays.com\/pt\/wp-json\/wp\/v2\/categories?post=51859"},{"taxonomy":"post_tag","embeddable":true,"href":"https:\/\/www.europesays.com\/pt\/wp-json\/wp\/v2\/tags?post=51859"}],"curies":[{"name":"wp","href":"https:\/\/api.w.org\/{rel}","templated":true}]}}