{"id":51861,"date":"2025-08-30T19:53:39","date_gmt":"2025-08-30T19:53:39","guid":{"rendered":"https:\/\/www.europesays.com\/pt\/51861\/"},"modified":"2025-08-30T19:53:39","modified_gmt":"2025-08-30T19:53:39","slug":"jardins-do-palacio-de-belem-acolhem-a-festa-do-livro-com-concertos-de-rui-veloso-xutos-pontapes-e-mais","status":"publish","type":"post","link":"https:\/\/www.europesays.com\/pt\/51861\/","title":{"rendered":"Jardins do Pal\u00e1cio de Bel\u00e9m acolhem a Festa do Livro com concertos de Rui Veloso, Xutos &#038; Pontap\u00e9s e mais"},"content":{"rendered":"<p>\t\t\t\t\t\t\t\t\t\t\t\t\t\t\t\t\t\t\t\t\t\t<img loading=\"lazy\" decoding=\"async\" src=\"https:\/\/www.europesays.com\/pt\/wp-content\/uploads\/2025\/08\/festa-do-livro-em-belem-foto-cover-1024x683.jpg\" class=\"img-fluid\" alt=\"O regresso de mais uma edi\u00e7\u00e3o da Festa do Livro em Bel\u00e9m\" width=\"1024\" height=\"683\"\/><br \/>\n\t\t\t\t\t\t\t\t\t\t\t\t\t\t\t\t\t\t\t\t\t\tFotos por @vleandro e @feiradolivrodelisbo<\/p>\n<p><strong>Setembro<\/strong> \u00e9 sin\u00f3nimo de<strong> rentr\u00e9e cultural,<\/strong> pelo que podes come\u00e7ar j\u00e1 a anotar na agenda alguns eventos, como a <strong>Festa do Livro em Bel\u00e9m.<\/strong> De <strong>4 a 7 de setembro,<\/strong> os <strong>jardins da resid\u00eancia oficial do Presidente da Rep\u00fablica<\/strong> acolhem a<strong> 8.\u00aa edi\u00e7\u00e3o<\/strong> da iniciativa.<\/p>\n<p>Organizada pela <strong>Presid\u00eancia da Rep\u00fablica,<\/strong> em parceria com a <strong>Associa\u00e7\u00e3o Portuguesa de Editores e Livreiros e com as Bibliotecas de Lisboa,<\/strong> o evento promete surpreender com diversos autores, novidades editoriais e muito mais. <\/p>\n<p>Com entrada gratuita, a programa\u00e7\u00e3o inclui <strong>jogos did\u00e1ticos, debates, apresenta\u00e7\u00f5es de livros e sess\u00f5es de aut\u00f3grafos.<\/strong> Por\u00e9m, um dos pontos altos de anima\u00e7\u00e3o cultural \u00e9 os<strong> <a href=\"https:\/\/lisboasecreta.co\/concertos-musica-em-lisboa\/\" rel=\"noopener noreferrer nofollow\" target=\"_self\" class=\"shortcode-outbound-link\" data-has-ga=\"true\" data-ga-type=\"click\" data-label=\"https:\/\/lisboasecreta.co\/concertos-musica-em-lisboa\/\" data-action=\"text_cta_0\" data-category=\"click_internal\">concertos<\/a><\/strong> com grandes nomes da m\u00fasica portuguesa. <\/p>\n<p><img fetchpriority=\"high\" decoding=\"async\" class=\"wp-image-96394 size-large\" src=\"https:\/\/www.europesays.com\/pt\/wp-content\/uploads\/2025\/08\/festa-do-livro-em-belem-foto-1024x642.jpeg\" alt=\"Festa do Livro em Bel\u00e9m\" width=\"1024\" height=\"642\"  \/><\/p>\n<p> <b>Concertos da Festa do Livro em Bel\u00e9m<\/b> <\/p>\n<ul>\n<li style=\"font-weight:400;\">4 de setembro, quinta-feira <strong>\u2013 Carolina Deslandes<\/strong><\/li>\n<li style=\"font-weight:400;\">5 de setembro, sexta-feira <strong>\u2013 Rui Veloso<\/strong><\/li>\n<li style=\"font-weight:400;\">6 de setembro, s\u00e1bado <strong>\u2013 B\u00e1rbara Tinoco<\/strong><\/li>\n<li style=\"font-weight:400;\">7 de setembro, domingo <strong>\u2013 Xutos &amp; Pontap\u00e9s<\/strong><\/li>\n<\/ul>\n<p>De salientar que todos os concertos, sem exce\u00e7\u00e3o, se realizam \u00e0s <strong>21h30<\/strong> de cada dia. <\/p>\n<p>  <b>Outras informa\u00e7\u00f5es <\/b> <\/p>\n<p>O acesso \u00e0 Festa do Livro em Bel\u00e9m \u00e9 feito pela <strong>loja do Museu da Presid\u00eancia da Rep\u00fablica,<\/strong> ou pelo<strong> <a href=\"https:\/\/lisboasecreta.co\/jardim-botanico-tropical-lisboa\/\" rel=\"noopener noreferrer nofollow\" target=\"_self\" class=\"shortcode-outbound-link\" data-has-ga=\"true\" data-ga-type=\"click\" data-label=\"https:\/\/lisboasecreta.co\/jardim-botanico-tropical-lisboa\/\" data-action=\"text_cta_1\" data-category=\"click_internal\">Jardim Bot\u00e2nico Tropical<\/a>.<\/strong><\/p>\n<p>Caso estejas a pensar passar por l\u00e1, aqui ficam os <strong>hor\u00e1rios de funcionamento:<\/strong><\/p>\n<ul>\n<li>4 de setembro, quinta-feira, das 16h \u00e0s 22h30<\/li>\n<li>5 a 7 de setembro, de sexta-feira a domingo, das 11h \u00e0s 22h30.<\/li>\n<\/ul>\n<p style=\"text-align:center;\"><strong>N\u00e3o fiques a ver navios! Segue-nos no <a class=\"c-link\" href=\"https:\/\/www.facebook.com\/LisboaSecreta\/\" rel=\"nofollow noopener noreferrer\" target=\"_blank\">Facebook,<\/a> no <a class=\"c-link\" href=\"https:\/\/www.instagram.com\/lisboasecreta\/\" rel=\"nofollow noopener noreferrer\" target=\"_blank\">Instagram<\/a> e agora tamb\u00e9m no <a class=\"c-link\" href=\"https:\/\/whatsapp.com\/channel\/0029VazjBFIGE56cK7wPv31v\" rel=\"nofollow noopener noreferrer\" target=\"_blank\">WhatsApp!<\/a><\/strong><\/p>\n<p>\t\t\t\t<script async src=\"\/\/www.instagram.com\/embed.js\"><\/script><\/p>\n","protected":false},"excerpt":{"rendered":"Fotos por @vleandro e @feiradolivrodelisbo Setembro \u00e9 sin\u00f3nimo de rentr\u00e9e cultural, pelo que podes come\u00e7ar j\u00e1 a anotar&hellip;\n","protected":false},"author":2,"featured_media":51862,"comment_status":"","ping_status":"","sticky":false,"template":"","format":"standard","meta":{"footnotes":""},"categories":[10],"tags":[27,28,15,16,6708,14,25,26,15107,21,22,12,13,19,20,4134,32,23,24,33,17,18,29,30,31],"class_list":{"0":"post-51861","1":"post","2":"type-post","3":"status-publish","4":"format-standard","5":"has-post-thumbnail","7":"category-portugal","8":"tag-breaking-news","9":"tag-breakingnews","10":"tag-featured-news","11":"tag-featurednews","12":"tag-grande-concerto","13":"tag-headlines","14":"tag-latest-news","15":"tag-latestnews","16":"tag-leitura-literatura","17":"tag-main-news","18":"tag-mainnews","19":"tag-news","20":"tag-noticias","21":"tag-noticias-principais","22":"tag-noticiasprincipais","23":"tag-pequeno-concerto","24":"tag-portugal","25":"tag-principais-noticias","26":"tag-principaisnoticias","27":"tag-pt","28":"tag-top-stories","29":"tag-topstories","30":"tag-ultimas","31":"tag-ultimas-noticias","32":"tag-ultimasnoticias"},"share_on_mastodon":{"url":"","error":""},"_links":{"self":[{"href":"https:\/\/www.europesays.com\/pt\/wp-json\/wp\/v2\/posts\/51861","targetHints":{"allow":["GET"]}}],"collection":[{"href":"https:\/\/www.europesays.com\/pt\/wp-json\/wp\/v2\/posts"}],"about":[{"href":"https:\/\/www.europesays.com\/pt\/wp-json\/wp\/v2\/types\/post"}],"author":[{"embeddable":true,"href":"https:\/\/www.europesays.com\/pt\/wp-json\/wp\/v2\/users\/2"}],"replies":[{"embeddable":true,"href":"https:\/\/www.europesays.com\/pt\/wp-json\/wp\/v2\/comments?post=51861"}],"version-history":[{"count":0,"href":"https:\/\/www.europesays.com\/pt\/wp-json\/wp\/v2\/posts\/51861\/revisions"}],"wp:featuredmedia":[{"embeddable":true,"href":"https:\/\/www.europesays.com\/pt\/wp-json\/wp\/v2\/media\/51862"}],"wp:attachment":[{"href":"https:\/\/www.europesays.com\/pt\/wp-json\/wp\/v2\/media?parent=51861"}],"wp:term":[{"taxonomy":"category","embeddable":true,"href":"https:\/\/www.europesays.com\/pt\/wp-json\/wp\/v2\/categories?post=51861"},{"taxonomy":"post_tag","embeddable":true,"href":"https:\/\/www.europesays.com\/pt\/wp-json\/wp\/v2\/tags?post=51861"}],"curies":[{"name":"wp","href":"https:\/\/api.w.org\/{rel}","templated":true}]}}