{"id":51869,"date":"2025-08-30T20:06:15","date_gmt":"2025-08-30T20:06:15","guid":{"rendered":"https:\/\/www.europesays.com\/pt\/51869\/"},"modified":"2025-08-30T20:06:15","modified_gmt":"2025-08-30T20:06:15","slug":"fc-porto-derrotado-pelo-barcelona-nas-meias-finais-da-supertaca-iberica-o-jogo","status":"publish","type":"post","link":"https:\/\/www.europesays.com\/pt\/51869\/","title":{"rendered":"FC Porto derrotado pelo Barcelona nas meias-finais da Superta\u00e7a Ib\u00e9rica &#8211; O Jogo"},"content":{"rendered":"<ol>\n<li><a href=\"https:\/\/news.google.com\/rss\/articles\/CBMipgFBVV95cUxPcjUxY00tUWw5MnBMWjdqeUtYVEZGYXpzVUZydGVGWm9WaXpRcW03TUtUemF5dHJ1Yk5rVlhSTWZuNjRCOTNRSS11M1N0NV9zeEJFbkJlT2hXY2lkR29rU0tXckJhMzUyZTBKbHU1VmhLejNtcVozR1NVUFRoR3Vsb0J5ZUpJLXNDYjVpVThpb0U3dTZQM1RsTTlScTJUMnhIbVUzSXBn?oc=5\" target=\"_blank\" rel=\"nofollow noopener\">FC Porto derrotado pelo Barcelona nas meias-finais da Superta\u00e7a Ib\u00e9rica<\/a>&nbsp;&nbsp;O Jogo<\/li>\n<li><a href=\"https:\/\/news.google.com\/rss\/articles\/CBMikgFBVV95cUxNRXFHcHFVZVVIX0d6aXdyRGVUNEZLaG9hbDZfQ3pnWXVjUG03LVA2c0VwRWsxTXRESEhvY0wyeWhXMUxmczduNUNJWnVhdlphRWVMTy1uRE90MHF3V0lMT0N4VTRkektmUWtSZEMyaUdoOEFJalhBMXVKV2V1YmF2RW9XUlZ0TVZ4R1FCNy1mRUk5QQ?oc=5\" target=\"_blank\" rel=\"nofollow noopener\">Sporting na final da Superta\u00e7a Ib\u00e9rica<\/a>&nbsp;&nbsp;A Bola<\/li>\n<li><a href=\"https:\/\/news.google.com\/rss\/articles\/CBMi0AFBVV95cUxPemZKSk95X0M5YUFSTEx4Q0RIRm5VbjVYSi1STFJDR1BGeXd1RmFyZU9ZR25rVl9QVXAxTDhUSjlTdGh2bU1tWDY3bEZNdnJnN0ZnTjJvMmdFT2ZCS2JZSlVzYmY2ZzU2b1BTYVNJUGszUnpmdk1sV090UnpoRGl2dTJKYWtrWWJPeXQ4UVRSaDVJRDU1VFl1UnZuOElTTmNqNTlvcm1BMnIxYWFvNXcyZ0xCQ2Z2Vjk2Q0dBU2NTOUJ4WEdhaUxpQTNwZG5fR0NC?oc=5\" target=\"_blank\" rel=\"nofollow noopener\">O remake do filme habitual: Sporting goleia Ademar Le\u00f3n e vai discutir Superta\u00e7a Ib\u00e9rica com Barcelona<\/a>&nbsp;&nbsp;Observador<\/li>\n<li><a href=\"https:\/\/news.google.com\/rss\/articles\/CBMiyAFBVV95cUxNdVFkX01IYUpENnJVeWRCVm82Q0tUb0ZDdUVlYml1SlR6LXlrMm9rNnlHT0xZTUwwTFNEN2J5N3Y4Umc2NEY5LVo5N0FCSGtXbDhUSy1yeDlMaWtuY3ZsclFBckdyaGMxSUU0UThxRUdLMEVqT2p2Uk8zUkYyVkJONFZDSXZGVUVrUzE5UkJoTmIwaE4zNktMX0JDZk9BNS1zbUhRX3BTa0NxYW1LdFl6UE1jZ01lX1Y3bWVPXzdnQ1dvc3VCakFmMQ?oc=5\" target=\"_blank\" rel=\"nofollow noopener\">Ricardo Costa satisfeito com a vit\u00f3ria: \u00abTerminamos com 86 por cento de efic\u00e1cia de remate\u00bb<\/a>&nbsp;&nbsp;zerozero.pt<\/li>\n<li><a href=\"https:\/\/news.google.com\/rss\/articles\/CBMioAFBVV95cUxQWXJiYnYzcnJTbEh4bl9uSmxWWl9BX0V3UUVHZEJ4MEk2dmlvN0hqQk45NGVrY0MzNk9obDc4bm0xdVRmNm1wVDg0M2FmVjZ0a2xVNGEtSG9wb1U4aWRfY2xOVk14anJsdjJ5cHZ6TjlWMnRtTzRoemdwYklPSWdDRkFDT1BhLURHc1VpckVVc3M3MENIWWdkTFlEdEdzcXRZ?oc=5\" target=\"_blank\" rel=\"nofollow noopener\">\u201c\u00c9 sempre dif\u00edcil perder, mas estamos no caminho certo\u201d<\/a>&nbsp;&nbsp;FC Porto<\/li>\n<\/ol>\n","protected":false},"excerpt":{"rendered":"FC Porto derrotado pelo Barcelona nas meias-finais da Superta\u00e7a Ib\u00e9rica&nbsp;&nbsp;O Jogo Sporting na final da Superta\u00e7a Ib\u00e9rica&nbsp;&nbsp;A Bola&hellip;\n","protected":false},"author":2,"featured_media":51870,"comment_status":"","ping_status":"","sticky":false,"template":"","format":"standard","meta":{"footnotes":""},"categories":[87],"tags":[135,32,33,134],"class_list":{"0":"post-51869","1":"post","2":"type-post","3":"status-publish","4":"format-standard","5":"has-post-thumbnail","7":"category-desporto","8":"tag-desporto","9":"tag-portugal","10":"tag-pt","11":"tag-sports"},"share_on_mastodon":{"url":"","error":""},"_links":{"self":[{"href":"https:\/\/www.europesays.com\/pt\/wp-json\/wp\/v2\/posts\/51869","targetHints":{"allow":["GET"]}}],"collection":[{"href":"https:\/\/www.europesays.com\/pt\/wp-json\/wp\/v2\/posts"}],"about":[{"href":"https:\/\/www.europesays.com\/pt\/wp-json\/wp\/v2\/types\/post"}],"author":[{"embeddable":true,"href":"https:\/\/www.europesays.com\/pt\/wp-json\/wp\/v2\/users\/2"}],"replies":[{"embeddable":true,"href":"https:\/\/www.europesays.com\/pt\/wp-json\/wp\/v2\/comments?post=51869"}],"version-history":[{"count":0,"href":"https:\/\/www.europesays.com\/pt\/wp-json\/wp\/v2\/posts\/51869\/revisions"}],"wp:featuredmedia":[{"embeddable":true,"href":"https:\/\/www.europesays.com\/pt\/wp-json\/wp\/v2\/media\/51870"}],"wp:attachment":[{"href":"https:\/\/www.europesays.com\/pt\/wp-json\/wp\/v2\/media?parent=51869"}],"wp:term":[{"taxonomy":"category","embeddable":true,"href":"https:\/\/www.europesays.com\/pt\/wp-json\/wp\/v2\/categories?post=51869"},{"taxonomy":"post_tag","embeddable":true,"href":"https:\/\/www.europesays.com\/pt\/wp-json\/wp\/v2\/tags?post=51869"}],"curies":[{"name":"wp","href":"https:\/\/api.w.org\/{rel}","templated":true}]}}