{"id":51874,"date":"2025-08-30T20:09:07","date_gmt":"2025-08-30T20:09:07","guid":{"rendered":"https:\/\/www.europesays.com\/pt\/51874\/"},"modified":"2025-08-30T20:09:07","modified_gmt":"2025-08-30T20:09:07","slug":"as-novidades-da-apple-em-setembro","status":"publish","type":"post","link":"https:\/\/www.europesays.com\/pt\/51874\/","title":{"rendered":"as novidades da Apple em setembro"},"content":{"rendered":"<p>O evento \u201cAwe Dropping\u201d, da Apple (<a href=\"https:\/\/www.infomoney.com.br\/AAPL34\" rel=\"nofollow noopener\" target=\"_blank\">AAPL34<\/a>), anunciado para 9 de setembro, chega em um momento crucial para uma das empresas mais valiosas do mundo, que busca manter o \u00edmpeto ap\u00f3s resultados fortes no terceiro trimestre, com receita recorde de US$ 94 bilh\u00f5es. Ser\u00e1 tamb\u00e9m a fase inicial de uma estrat\u00e9gia de transforma\u00e7\u00e3o de tr\u00eas anos, que visa reinventar o ecossistema de hardware da Apple.<\/p>\n<p>O momento \u00e9 especialmente significativo, pois a Apple enfrenta desafios crescentes na \u00e1rea de intelig\u00eancia artificial, onde tem tido dificuldades para acompanhar concorrentes \u2014 recentemente enfrentou um processo antitruste da xAI, empresa de Elon Musk, por suposto monop\u00f3lio em IA.<\/p>\n<p>As a\u00e7\u00f5es da Apple foram particularmente afetadas, caindo entre 15% e 19% at\u00e9 agora no ano, tornando-se uma das piores entre as sete maiores a\u00e7\u00f5es de tecnologia \u2013 as chamadas 7 magn\u00edficas. E o valor de mercado da Apple caiu cerca de US$ 75 bilh\u00f5es durante a keynote da WWDC 2025 em junho, quando a empresa anunciou que a atualiza\u00e7\u00e3o do Siri com IA seria adiada para o ano seguinte.<\/p>\n<p class=\"py-2\">Continua depois da publicidade<\/p>\n<p>Apesar desses obst\u00e1culos, o desempenho financeiro recente da Apple mostrou resili\u00eancia, com a receita do iPhone crescendo 13,5%, para US$ 44,6 bilh\u00f5es no terceiro trimestre, impulsionada em parte por clientes que fizeram upgrade antecipado diante da possibilidade de aumento de tarifas.<\/p>\n<p>O evento \u201cAwe Dropping\u201d da Apple ser\u00e1 transmitido ao vivo no site da empresa, YouTube e Apple TV.<\/p>\n<p>Com base em eventos anteriores de lan\u00e7amento do iPhone, quando a Apple realiza o evento em uma ter\u00e7a-feira, os pr\u00e9-pedidos geralmente come\u00e7am na sexta-feira seguinte, com disponibilidade geral uma semana depois: neste caso, os pr\u00e9-pedidos abririam em 12 de setembro e alguns dos novos iPhones seriam lan\u00e7ados em 19 de setembro<\/p>\n<p class=\"py-2\">Continua depois da publicidade<\/p>\n<p><strong>Linha de produtos do evento de setembro e prioridades estrat\u00e9gicas da Apple<\/strong><\/p>\n<p>O lineup do evento de setembro aborda diretamente as prioridades estrat\u00e9gicas da Apple, apresentando hardware projetado para integrar-se \u00e0 linguagem de design Liquid Glass da empresa: uma interface transl\u00facida e com foco em profundidade, que representa a maior reformula\u00e7\u00e3o visual da Apple desde o iOS 7 em 2013.<\/p>\n<p>Esse sistema de design, inspirado no headset Vision Pro, estabelece uma est\u00e9tica unificada nas plataformas da Apple e prepara os usu\u00e1rios para capacidades expandidas de computa\u00e7\u00e3o espacial.<\/p>\n<p class=\"py-2\">Continua depois da publicidade<\/p>\n<p>O primeiro iPhone \u201cAir\u201d<\/p>\n<p>O destaque do evento ser\u00e1 o ultra-fino iPhone 17 \u201cAir\u201d, que seria a primeira vez que um iPhone recebe o nome \u201cAir\u201d, t\u00e3o popular na linha MacBook h\u00e1 duas d\u00e9cadas. O modelo \u201cAir\u201d deve substituir o iPhone Plus, que tem desempenho abaixo do esperado. O dispositivo ter\u00e1 cerca de 5,5 mm no ponto mais fino, significativamente mais fino que os 7,8 mm do iPhone 16, e provavelmente ser\u00e1 o iPhone mais fino j\u00e1 feito.<\/p>\n<p>O iPhone 17 Air ter\u00e1 uma tela de 6,6 polegadas com suporte a taxa de atualiza\u00e7\u00e3o ProMotion de 120Hz, algo in\u00e9dito para iPhones n\u00e3o-Pro, que deixa a tela mais fluida. O aparelho deve ter uma estrutura h\u00edbrida de tit\u00e2nio e alum\u00ednio e pesar cerca de 145 gramas, bem mais leve que os 199 gramas do iPhone 16 Pro.<\/p>\n<p>Por\u00e9m, o design ultra-fino traz algumas concess\u00f5es: o telefone ter\u00e1 apenas uma c\u00e2mera traseira de 48 megapixels e bateria menor que os modelos topo de linha do ano passado. A porta USB-C ser\u00e1 deslocada do centro, e as grades dos alto-falantes foram simplificadas para acomodar o perfil fino. As cores devem incluir preto, branco, dourado claro e azul claro, semelhante ao MacBook Air. O pre\u00e7o deve ser similar ao do iPhone Plus atual, US$ 899.<\/p>\n<p class=\"py-2\">Continua depois da publicidade<\/p>\n<p>iPhone 17 e iPhone 17 Pro<\/p>\n<p>O iPhone 17 padr\u00e3o deve ter uma c\u00e2mera frontal melhor, de 24 megapixels, o dobro da resolu\u00e7\u00e3o atual. Todos os modelos do iPhone 17 ter\u00e3o telas ProMotion de 120Hz, estendendo esse recurso antes exclusivo dos modelos Pro.<\/p>\n<p>Os modelos iPhone 17 Pro ter\u00e3o um novo m\u00f3dulo de c\u00e2mera em formato de p\u00edlula, maior que os anteriores, incluindo uma lente telefoto de 48 megapixels com zoom \u00f3ptico de at\u00e9 8x (o iPhone 16 Pro tem zoom \u00f3ptico de 5x). Os modelos Pro tamb\u00e9m passar\u00e3o a ter traseiras principalmente de alum\u00ednio em vez de vidro, melhorando a durabilidade e reduzindo o peso.<\/p>\n<p>As cores dos modelos Pro devem incluir duas novas cores sugeridas nos convites da Apple: laranja e azul, al\u00e9m das tradicionais preto, branco e prata. O logo do evento, inspirado em temas t\u00e9rmicos, parece fazer refer\u00eancia \u00e0s novas cores e ao sistema de resfriamento por c\u00e2mara de vapor, projetado para evitar superaquecimento em tarefas intensas.<\/p>\n<p class=\"py-2\">Continua depois da publicidade<\/p>\n<p>Apple Watch Series 11<\/p>\n<p>O Apple Watch Series 11 deve focar em melhorias no monitoramento de sa\u00fade, possivelmente introduzindo o acompanhamento de tend\u00eancias de press\u00e3o arterial \u2014 embora n\u00e3o leituras completas de press\u00e3o sist\u00f3lica e diast\u00f3lica. O recurso detectaria padr\u00f5es de hipertens\u00e3o e alertaria os usu\u00e1rios para consultar profissionais de sa\u00fade.<\/p>\n<p>A Series 11 deve vir com o chip S11 atualizado, possivelmente menor para acomodar baterias maiores ou sensores adicionais. O rel\u00f3gio tamb\u00e9m pode ganhar conectividade 5G RedCap da MediaTek, segundo o MacRumors, oferecendo velocidades de dados mais r\u00e1pidas que os modelos atuais apenas com LTE.<\/p>\n<p>Apple Watch Ultra 3<\/p>\n<p>O Apple Watch Ultra 3 ser\u00e1 o primeiro Apple Watch com conectividade via sat\u00e9lite independente, segundo Mark Gurman, da Bloomberg. Esse recurso permitir\u00e1 funcionalidades de SOS de emerg\u00eancia e possivelmente envio de mensagens em \u00e1reas remotas sem cobertura celular ou Wi-Fi.<\/p>\n<p>O Ultra 3 tamb\u00e9m ter\u00e1 conectividade 5G aprimorada e o maior display j\u00e1 visto em um Apple Watch, mais brilhante e melhor para visualiza\u00e7\u00e3o lateral. Uma bobina de carregamento melhorada pode permitir 80% de carga em 30 minutos, segundo o MacRumors.<\/p>\n<p>AirPods Pro 3<\/p>\n<p>Os AirPods Pro de terceira gera\u00e7\u00e3o devem introduzir monitoramento de frequ\u00eancia card\u00edaca, usando sensores \u00f3pticos de LED que acompanham o fluxo sangu\u00edneo no canal auditivo.<\/p>\n<p>Al\u00e9m dos recursos de sa\u00fade, os AirPods Pro 3 ter\u00e3o cancelamento ativo de ru\u00eddo melhorado, qualidade de som aprimorada e chip de \u00e1udio H3 mais r\u00e1pido. H\u00e1 rumores de monitoramento de temperatura e tradu\u00e7\u00e3o em tempo real. O novo modelo ter\u00e1 refinamentos no design, incluindo formato mais fino e LED de status oculto.<\/p>\n<p>E o que vem depois?<\/p>\n<p>O evento de 9 de setembro estabelece as bases para a vis\u00e3o de longo prazo da Apple, com 2026 trazendo o primeiro iPhone dobr\u00e1vel da empresa e 2027 potencialmente apresentando um design totalmente em vidro para o 20\u00ba anivers\u00e1rio do iPhone. Esse roteiro de transforma\u00e7\u00e3o de tr\u00eas anos representa a estrat\u00e9gia de hardware mais ambiciosa da Apple desde o lan\u00e7amento do iPhone original, projetada para enfrentar press\u00f5es competitivas crescentes e posicionar a empresa para a pr\u00f3xima d\u00e9cada.<\/p>\n<p>O iPhone dobr\u00e1vel est\u00e1 previsto para o outono de 2026, com design estilo livro semelhante \u00e0 s\u00e9rie Galaxy Z Fold da Samsung, com tela interna de 7,8 polegadas e externa de 5,5 polegadas. O dispositivo ter\u00e1 quatro c\u00e2meras, Touch ID em vez de Face ID para economizar espa\u00e7o interno, e modem celular de segunda gera\u00e7\u00e3o da Apple. Analistas preveem pre\u00e7o inicial em torno de US$ 2.000, tornando-o o smartphone mais caro da Apple at\u00e9 hoje.<\/p>\n<p>J\u00e1 o \u201ciPhone 20\u201d, em 2027 representa uma mudan\u00e7a ainda mais radical, com vidro curvo em quatro lados que elimina completamente as bordas, criando o que a Bloomberg descreve como um \u201ciPhone curvo, quase todo de vidro, sem recortes\u201d.<\/p>\n<p>Esse design est\u00e1 alinhado com a interface Liquid Glass do iOS 26, que enfatiza translucidez, profundidade e elementos de computa\u00e7\u00e3o espacial inspirados no Vision Pro. A abordagem do vidro curvo realiza a vis\u00e3o do ex-chefe de design Jony Ive de criar um dispositivo que pare\u00e7a \u201cuma \u00fanica folha de vidro\u201d.<\/p>\n<p>O roteiro da empresa inclui \u00f3culos AR leves esperados para 2027, al\u00e9m de m\u00faltiplas vers\u00f5es do Vision Pro at\u00e9 2028.<\/p>\n<p>O roteiro do Vision Pro inclui uma pequena atualiza\u00e7\u00e3o de pot\u00eancia at\u00e9 o final de 2025, seguida por um modelo mais leve \u201cVision Air\u201d em 2027, que pode ser at\u00e9 40% mais leve que a vers\u00e3o atual. A Apple tamb\u00e9m est\u00e1 desenvolvendo \u00f3culos inteligentes semelhantes aos Ray-Bans da Meta como solu\u00e7\u00e3o intermedi\u00e1ria enquanto aperfei\u00e7oa a tecnologia AR verdadeira.<\/p>\n<p>Esses produtos visam atingir a meta da Apple de vender mais de 10 milh\u00f5es de produtos AR\/VR anualmente at\u00e9 2027.<\/p>\n<p>O momento estrat\u00e9gico est\u00e1 alinhado com o esfor\u00e7o mais amplo da Apple para diversificar al\u00e9m do iPhone, mantendo sua posi\u00e7\u00e3o premium no mercado. Recursos como os efeitos de fotos 3D do iOS 26 e elementos da interface espacial servem como etapas para a ado\u00e7\u00e3o mainstream de AR, acostumando gradualmente os usu\u00e1rios aos conceitos de computa\u00e7\u00e3o espacial antes de lan\u00e7ar hardware AR dedicado.<\/p>\n<p>Essa abordagem gradual permite que a Apple construa a prontid\u00e3o do ecossistema enquanto concorrentes como Meta e Google correm para o mercado com produtos potencialmente prematuros.<\/p>\n<p>2025 Fortune Media IP Limited<\/p>\n","protected":false},"excerpt":{"rendered":"O evento \u201cAwe Dropping\u201d, da Apple (AAPL34), anunciado para 9 de setembro, chega em um momento crucial para&hellip;\n","protected":false},"author":2,"featured_media":51875,"comment_status":"","ping_status":"","sticky":false,"template":"","format":"standard","meta":{"footnotes":""},"categories":[84],"tags":[247,109,107,108,249,15109,32,33,679,105,103,104,15110,106,110],"class_list":{"0":"post-51874","1":"post","2":"type-post","3":"status-publish","4":"format-standard","5":"has-post-thumbnail","7":"category-ciencia-e-tecnologia","8":"tag-apple","9":"tag-ciencia","10":"tag-ciencia-e-tecnologia","11":"tag-cienciaetecnologia","12":"tag-iphone","13":"tag-oculos-inteligentes","14":"tag-portugal","15":"tag-pt","16":"tag-reportagem","17":"tag-science","18":"tag-science-and-technology","19":"tag-scienceandtechnology","20":"tag-smartwatches","21":"tag-technology","22":"tag-tecnologia"},"share_on_mastodon":{"url":"","error":""},"_links":{"self":[{"href":"https:\/\/www.europesays.com\/pt\/wp-json\/wp\/v2\/posts\/51874","targetHints":{"allow":["GET"]}}],"collection":[{"href":"https:\/\/www.europesays.com\/pt\/wp-json\/wp\/v2\/posts"}],"about":[{"href":"https:\/\/www.europesays.com\/pt\/wp-json\/wp\/v2\/types\/post"}],"author":[{"embeddable":true,"href":"https:\/\/www.europesays.com\/pt\/wp-json\/wp\/v2\/users\/2"}],"replies":[{"embeddable":true,"href":"https:\/\/www.europesays.com\/pt\/wp-json\/wp\/v2\/comments?post=51874"}],"version-history":[{"count":0,"href":"https:\/\/www.europesays.com\/pt\/wp-json\/wp\/v2\/posts\/51874\/revisions"}],"wp:featuredmedia":[{"embeddable":true,"href":"https:\/\/www.europesays.com\/pt\/wp-json\/wp\/v2\/media\/51875"}],"wp:attachment":[{"href":"https:\/\/www.europesays.com\/pt\/wp-json\/wp\/v2\/media?parent=51874"}],"wp:term":[{"taxonomy":"category","embeddable":true,"href":"https:\/\/www.europesays.com\/pt\/wp-json\/wp\/v2\/categories?post=51874"},{"taxonomy":"post_tag","embeddable":true,"href":"https:\/\/www.europesays.com\/pt\/wp-json\/wp\/v2\/tags?post=51874"}],"curies":[{"name":"wp","href":"https:\/\/api.w.org\/{rel}","templated":true}]}}