{"id":51878,"date":"2025-08-30T20:13:06","date_gmt":"2025-08-30T20:13:06","guid":{"rendered":"https:\/\/www.europesays.com\/pt\/51878\/"},"modified":"2025-08-30T20:13:06","modified_gmt":"2025-08-30T20:13:06","slug":"prevencao-de-incendios-a-partir-do-terreiro-do-paco-e-ficcao-cientifica","status":"publish","type":"post","link":"https:\/\/www.europesays.com\/pt\/51878\/","title":{"rendered":"Preven\u00e7\u00e3o de inc\u00eandios &#8220;a partir do Terreiro do Pa\u00e7o \u00e9 fic\u00e7\u00e3o cient\u00edfica&#8221;"},"content":{"rendered":"<p>O candidato presidencial Lu\u00eds Marques Mendes falou, esta quinta-feira, sobre o combate \u00e0s chamas, num discurso que decorreu na Universidade de Ver\u00e3o do Partido Social Democrata, onde o atual chefe de Estado <a href=\"https:\/\/www.noticiasaominuto.com\/pais\/2844154\/marcelo-aparece-na-universidade-de-verao-em-vez-de-videoconferencia\" target=\"_blank\" rel=\"noopener nofollow\">tamb\u00e9m discursou ontem.<\/a><\/p>\n<p>Marques Mendes deixou uma s\u00e9rie de sugest\u00f5es, apontando que &#8220;S\u00e3o Pedro manda mais do que os pol\u00edticos&#8221;. Falando da comiss\u00e3o t\u00e9cnica independente para analisar os inc\u00eandios de agosto, Marques Mendes considerou que esta era uma &#8220;boa ideia&#8221; e explicou porqu\u00ea: &#8220;N\u00e3o faria sentido partir para a ideia de construir um pacto a 25 anos sobre a floresta sem primeiro ver o que correu bem e mal, e sem ver o que das recomenda\u00e7\u00f5es de 2017 foi cumprido e n\u00e3o foi cumprido. Esta ideia faz todo o sentido&#8221;.<\/p>\n<p>Mas para al\u00e9m de apoiar esta ideia, Marques Mendes deixou ainda a sugest\u00e3o de que para al\u00e9m dos peritos por c\u00e1, poderiam ser acrescentados especialistas &#8216;de fora&#8217;: &#8220;N\u00e3o seria m\u00e1 ideia, se desta comiss\u00e3o independente pudessem fazer parte alguns peritos internacionais. N\u00e3o \u00e9 porque em Portugal n\u00e3o haja excelentes especialistas, claro que h\u00e1. Mas a presen\u00e7a de alguns peritos estrangeiros numa comiss\u00e3o independente \u00e9 muito \u00fatil porque acrescenta vis\u00e3o exterior deste problema e porque ao mesmo tempo refor\u00e7a car\u00e1ter do distanciamento e de independ\u00eancia desta avalia\u00e7\u00e3o.&#8221;<\/p>\n<p>Marques Mendes defendeu que a preven\u00e7\u00e3o em Portugal para ser eficaz tem de ser feita a n\u00edvel local, nomeadamente, em termos de freguesias e munic\u00edpios: &#8220;Aquela ideia de que a preven\u00e7\u00e3o se faz a partir do Terreiro do Pa\u00e7o \u00e9 fic\u00e7\u00e3o cient\u00edfica&#8221;.<\/p>\n<p>Sublinhando que fazer a preven\u00e7\u00e3o atrav\u00e9s do Terreiro do Pa\u00e7o at\u00e9 qualquer ponto de Portugal &#8220;n\u00e3o resulta&#8221;, considerou que &#8220;o centralismo nesta mat\u00e9ria n\u00e3o resulta. S\u00f3 uma descentraliza\u00e7\u00e3o em mat\u00e9ria de preven\u00e7\u00e3o para munic\u00edpios e freguesias, com respetivos meios, compet\u00eancia e capacita\u00e7\u00e3o pode dar uma resposta eficaz&#8221;.<\/p>\n<p>O candidato presidencial apelou ainda ao recurso \u00e0s For\u00e7as Armadas no combate \u00e0s chamas, defendendo que esta era mesmo &#8220;uma quest\u00e3o de defesa nacional&#8221;. O poder pol\u00edtico deve, segundo defende, ponderar esta situa\u00e7\u00e3o, at\u00e9 porque &#8220;temos For\u00e7as Armadas de uma compet\u00eancia e profissionalismo que aqui podem dar um contributo muito \u00fatil como t\u00eam dado noutros dom\u00ednios&#8221;.<\/p>\n<p>Marques Mendes terminou a lista de sugest\u00f5es deixadas apelado a que houve investimento &#8220;a s\u00e9rio na dimens\u00e3o econ\u00f3mica do territ\u00f3rio, da floresta, seja atrav\u00e9s de ecopontos florestais, centrais de biomassa&#8221; ou outras solu\u00e7\u00f5es.<\/p>\n<p>&#8220;Resolver este problema implica refor\u00e7ar a dimens\u00e3o econ\u00f3mica da floresta, e isso leva tempo e reclama estabilidade. N\u00e3o podemos andar a mudar de Governo para Governo de um ano para o outro, por isso \u00e9 que faz sentido um pacto a 25 anos&#8221;, defendeu, acrescentando: &#8220;N\u00e3o \u00e9 uma solu\u00e7\u00e3o muito portuguesa, porque n\u00f3s normalmente pensamos no curto prazo e no imediato. Mas quem, como eu, quer ser Presidente da Rep\u00fablica tem a obriga\u00e7\u00e3o de ajudara\u00a0 fazer pedagogia porque as pol\u00edticas de ambi\u00e7\u00e3o s\u00e3o pol\u00edticas de m\u00e9dio e longo prazo&#8221;.<\/p>\n<p>Antes de chegarmos a uma vis\u00e3o pol\u00edtica, h\u00e1 uma vis\u00e3o humana e solid\u00e1ria a ter em aten\u00e7\u00e3o<\/p>\n<p>Marques Mendes aconselhou ainda a que o tema dos inc\u00eandios seja abordado, em primeiro lugar, &#8220;com empatia e sensibilidade social&#8221;.<\/p>\n<p>&#8220;H\u00e1 muita gente que tem sofrido. Antes de chegarmos a uma vis\u00e3o pol\u00edtica, h\u00e1 uma vis\u00e3o humana e solid\u00e1ria a ter em aten\u00e7\u00e3o. H\u00e1 pessoas de carne e osso, e s\u00e3o muitas, para o pa\u00eds todo, que sofrem com esta situa\u00e7\u00e3o&#8221;, disse.<\/p>\n<p>Sem dizer se \u00e9 essa a sua opini\u00e3o, o candidato admitiu que &#8220;para muitos fica a ideia que, oito anos depois dos grandes inc\u00eandios de Pedr\u00f3g\u00e3o, parece que est\u00e1 tudo na mesma&#8221;.<\/p>\n<p>&#8220;\u00c9 a sensa\u00e7\u00e3o que existe no pa\u00eds. A sensa\u00e7\u00e3o que existe \u00e9 que a preven\u00e7\u00e3o n\u00e3o se fez, ou n\u00e3o se fez, sobretudo, na dimens\u00e3o que devia ter sido feita. A valoriza\u00e7\u00e3o do territ\u00f3rio, a gest\u00e3o florestal&#8221;, acrescentou.<\/p>\n<p>Note-se que a proposta para a exist\u00eancia para constituir esta comiss\u00e3o foi levada a cabo pelo Partido Socialista, j\u00e1 tendo o projeto de lei dado entrada no Parlamento. O\u00a0objetivo \u00e9, segundo explica o documento, fazer &#8220;uma an\u00e1lise exaustiva e factual \u00e0 campanha de inc\u00eandios rurais deste ano, comparando-a com anos anteriores&#8221;, em particular com o per\u00edodo 2018-2024.<\/p>\n<p>A constitui\u00e7\u00e3o de uma comiss\u00e3o independente, anunciada pelo l\u00edder do PS, Jos\u00e9 Lu\u00eds Carneiro, em 15 de agosto, foi vista &#8220;com bons olhos&#8221; pelo PSD, segundo as declara\u00e7\u00f5es desta semana do <a href=\"https:\/\/www.noticiasaominuto.com\/politica\/2843244\/cpi-do-chega-psd-considera-despropositada-mas-aceita-comissao-do-ps\" target=\"_blank\" rel=\"noopener nofollow\">l\u00edder parlamentar social-democrata, Hugo Soares.<\/a><\/p>\n<p>[Not\u00edcia atualizada \u00e0s 23h21]<\/p>\n<p>Leia Tamb\u00e9m:\u00a0<a href=\"https:\/\/www.noticiasaominuto.com\/pais\/2844154\/marcelo-aparece-na-universidade-de-verao-em-vez-de-videoconferencia\" target=\"_blank\" rel=\"noopener noreferrer nofollow\">Marcelo aparece na Universidade de Ver\u00e3o (em vez de videoconfer\u00eancia)<\/a><\/p>\n","protected":false},"excerpt":{"rendered":"O candidato presidencial Lu\u00eds Marques Mendes falou, esta quinta-feira, sobre o combate \u00e0s chamas, num discurso que decorreu&hellip;\n","protected":false},"author":2,"featured_media":51879,"comment_status":"","ping_status":"","sticky":false,"template":"","format":"standard","meta":{"footnotes":""},"categories":[10],"tags":[27,28,15,16,14,25,26,21,22,12,13,19,20,32,23,24,33,17,18,29,30,31],"class_list":{"0":"post-51878","1":"post","2":"type-post","3":"status-publish","4":"format-standard","5":"has-post-thumbnail","7":"category-portugal","8":"tag-breaking-news","9":"tag-breakingnews","10":"tag-featured-news","11":"tag-featurednews","12":"tag-headlines","13":"tag-latest-news","14":"tag-latestnews","15":"tag-main-news","16":"tag-mainnews","17":"tag-news","18":"tag-noticias","19":"tag-noticias-principais","20":"tag-noticiasprincipais","21":"tag-portugal","22":"tag-principais-noticias","23":"tag-principaisnoticias","24":"tag-pt","25":"tag-top-stories","26":"tag-topstories","27":"tag-ultimas","28":"tag-ultimas-noticias","29":"tag-ultimasnoticias"},"share_on_mastodon":{"url":"","error":""},"_links":{"self":[{"href":"https:\/\/www.europesays.com\/pt\/wp-json\/wp\/v2\/posts\/51878","targetHints":{"allow":["GET"]}}],"collection":[{"href":"https:\/\/www.europesays.com\/pt\/wp-json\/wp\/v2\/posts"}],"about":[{"href":"https:\/\/www.europesays.com\/pt\/wp-json\/wp\/v2\/types\/post"}],"author":[{"embeddable":true,"href":"https:\/\/www.europesays.com\/pt\/wp-json\/wp\/v2\/users\/2"}],"replies":[{"embeddable":true,"href":"https:\/\/www.europesays.com\/pt\/wp-json\/wp\/v2\/comments?post=51878"}],"version-history":[{"count":0,"href":"https:\/\/www.europesays.com\/pt\/wp-json\/wp\/v2\/posts\/51878\/revisions"}],"wp:featuredmedia":[{"embeddable":true,"href":"https:\/\/www.europesays.com\/pt\/wp-json\/wp\/v2\/media\/51879"}],"wp:attachment":[{"href":"https:\/\/www.europesays.com\/pt\/wp-json\/wp\/v2\/media?parent=51878"}],"wp:term":[{"taxonomy":"category","embeddable":true,"href":"https:\/\/www.europesays.com\/pt\/wp-json\/wp\/v2\/categories?post=51878"},{"taxonomy":"post_tag","embeddable":true,"href":"https:\/\/www.europesays.com\/pt\/wp-json\/wp\/v2\/tags?post=51878"}],"curies":[{"name":"wp","href":"https:\/\/api.w.org\/{rel}","templated":true}]}}