{"id":51884,"date":"2025-08-30T20:23:16","date_gmt":"2025-08-30T20:23:16","guid":{"rendered":"https:\/\/www.europesays.com\/pt\/51884\/"},"modified":"2025-08-30T20:23:16","modified_gmt":"2025-08-30T20:23:16","slug":"apos-tragedia-ator-de-novelas-da-globo-e-da-record-entra-no-reality-rural-com-missao-inedita-detalhes","status":"publish","type":"post","link":"https:\/\/www.europesays.com\/pt\/51884\/","title":{"rendered":"ap\u00f3s trag\u00e9dia, ator de novelas da Globo e da Record entra no reality rural com miss\u00e3o in\u00e9dita. Detalhes!"},"content":{"rendered":"<p>\n                        &#8216;A Fazenda 2025&#8217; promete inovar com din\u00e2mica in\u00e9dita estrelada por um ator de novelas da Record e da Globo. Em 2021, artista passou por trag\u00e9dia e precisou de ajuda pra recome\u00e7ar\n                    <\/p>\n<p><img loading=\"lazy\" decoding=\"async\" alt=\"'A Fazenda 2025': ap\u00f3s trag\u00e9dia, ator de novelas da Globo e da Record entra no reality rural com miss\u00e3o in\u00e9dita. Detalhes!.\" class=\"img-b0cb1ad72d6ceeba20b1cdf6356d71adlfb9ogs9\" height=\"455\" src=\"https:\/\/www.europesays.com\/pt\/wp-content\/uploads\/2025\/08\/494201334-02d5d064f0c0c5cc-1400x823-1.jpg\"  title=\"'A Fazenda 2025': ap\u00f3s trag\u00e9dia, ator de novelas da Globo e da Record entra no reality rural com miss\u00e3o in\u00e9dita. Detalhes!.\" width=\"774\"\/><\/p>\n<p>&#8216;A Fazenda 2025&#8217;: ap\u00f3s trag\u00e9dia, ator de novelas da Globo e da Record entra no reality rural com miss\u00e3o in\u00e9dita. Detalhes!.<\/p>\n<p>Foto: Divulga\u00e7\u00e3o\/TV Globo \/ Purepeople<\/p>\n<p class=\"text\"><strong>&#8220;A Fazenda 2025&#8221;<\/strong> estreia daqui a 16 dias e v\u00e1rios detalhes v\u00e3o sendo revelados aos poucos. <a href=\"https:\/\/www.purepeople.com.br\/noticia\/a-fazenda-2025-ex-mulher-de-famoso-apresentador-e-jurada-de-silvio-santos-desiste-do-reality-da-record-perto-da-estreia-descubra-quem_a410909\/1\" rel=\"nofollow noopener\" target=\"_blank\">Se por um lado uma ex-jurada de Silvio Santos desistiu do confinamento<\/a> no reality rural, por outro um ator de novelas da pr\u00f3pria Record e da Globo deve ser confinado para uma <strong>miss\u00e3o in\u00e9dita<\/strong> em 17 temporadas.<\/p>\n<p class=\"text\">Participante de &#8220;A Grande Conquista 2&#8221; (2024) e visto em tramas como &#8220;Os Dez Mandamentos&#8221; (2015), &#8220;Vai na F\u00e9&#8221; (2023) e &#8220;Paulo, o Ap\u00f3stolo&#8221; (em exibi\u00e7\u00e3o), <strong>Fernando Sampaio \u00e9 um dos convocados<\/strong> para integrar o <strong>time de &#8220;pe\u00f5es secretos&#8221;<\/strong> ao lado dos, podemos dizer, &#8220;pe\u00f5es normais&#8221;.<\/p>\n<p class=\"text\">Esse segundo grupo deve reunir Rafael Cardoso e <a href=\"https:\/\/www.purepeople.com.br\/noticia\/a-fazenda-2025-famoso-expulso-do-bbb-e-perto-de-ser-pai-pela-1-vez-acerta-ida-para-o-reality-da-record-saiba-quem-e_a408799\/1\" rel=\"nofollow noopener\" target=\"_blank\">um participante eliminado do &#8220;BBB&#8221;<\/a>. Atual namorada de Belo, a modelo Rayane Figliuzzi, cuja <a href=\"https:\/\/www.purepeople.com.br\/noticia\/rayane-figliuzzi-namorada-de-belo-cliente-denuncia-estado-precario-em-clinica-da-influenciadora_a410908\/1\" rel=\"nofollow noopener\" target=\"_blank\">cl\u00ednica de bronzeamento est\u00e1 envolvida em graves acusa\u00e7\u00f5es<\/a>, \u00e9 outra cotada para ficar at\u00e9 tr\u00eas meses no reality conduzido por Adriane Galisteu.<\/p>\n<p>\n  &#8216;A Fazenda 2025&#8217; com din\u00e2mica in\u00e9dita: como ser\u00e1?\n<\/p>\n<p class=\"text\">Segundo a colunista F\u00e1bia Oliveira, do &#8220;Metr\u00f3poles&#8221;, uma dupla vai ser colocada dentro da sede de &#8220;A Fazenda&#8221; como &#8220;pe\u00f5es secretos&#8221;. Esses dois famosos ir\u00e3o participar normalmente do confinamento e conv\u00edvio com os demais. Caso os demais participantes &#8220;desmascarem&#8221; o &#8220;infiltrado&#8221; ele deixa o jogo com R$ 30 mil.<\/p>\n<p class=\"text\">Do contr\u00e1rio, esse jogador permanece na disputa e fatura R$ 100 mil. Ainda n\u00e3o foram revelados, por\u00e9m, detalhes de como ser\u00e1 essa din\u00e2mica in\u00e9dita no reality rural e por quanto tempo ir\u00e1 se estender. Al\u00e9m de Fernando, um <a href=\"https:\/\/www.purepeople.com.br\/noticia\/quais-sao-os-participantes-da-fazenda-2025-pai-de-viih-tube-e-ex-de-davi-brito-estao-na-lista_a410633\/1\" rel=\"nofollow noopener\" target=\"_blank\">pai que teve briga com a filha tamb\u00e9m deve compor o elenco<\/a>.<\/p>\n<p>\n  Per&#8230;\n <\/p>\n<p class=\"text\"><a href=\"https:\/\/www.purepeople.com.br\/noticia\/a-fazenda-2025-com-formato-inedito-ator-de-novelas-da-globo-e-que-passou-por-tragedia-ganha-missao-nunca-vista-no-reality-da-record_a410981\/1\" rel=\"nofollow noopener\" target=\"_blank\">Veja mais<\/a> <\/p>\n<p class=\"text\"><b>Mat\u00e9rias relacionadas<\/b><\/p>\n<p class=\"text\"><a href=\"https:\/\/www.purepeople.com.br\/noticia\/ator-de-novela-da-globo-e-record-luta-pela-vida-mauricio-silveira-esta-em-coma-amigo-theo-becker-ex-fazenda-consola-familia-enviem-oracoes_a409834\/1\" rel=\"nofollow noopener\" target=\"_blank\">&#8216;Enviem ora\u00e7\u00f5es&#8217;: em coma, ator de novelas da Globo e Record luta pela vida ap\u00f3s complica\u00e7\u00f5es em cirurgia e fam\u00edlia clama por recupera\u00e7\u00e3o<\/a><\/p>\n<p class=\"text\"><a href=\"https:\/\/www.purepeople.com.br\/noticia\/a-viagem-antes-e-depois-veja-como-estao-25-atores-do-elenco-da-novela-31-anos-depois-de-sua-exibicao_a406653\/1\" rel=\"nofollow noopener\" target=\"_blank\">&#8216;A Viagem&#8217;: 31 anos ap\u00f3s exibi\u00e7\u00e3o, veja o antes e depois de 25 atores do elenco da novela que volta \u00e0 TV Globo<\/a><\/p>\n<p class=\"text\"><a href=\"https:\/\/www.purepeople.com.br\/noticia\/o-que-houve-com-caua-reymond-apos-polemica-do-ator-com-elenco-de-novela-da-globo-gala-leandro-lima-entra-na-nova-versao-de-vale-tudo_a406122\/1\" rel=\"nofollow noopener\" target=\"_blank\">Cau\u00e3 Reymond fora de &#8216;Vale Tudo&#8217;? Novo gal\u00e3 aceita papel na novela da Globo ap\u00f3s s\u00e9rie de pol\u00eamicas. Aos detalhes!<\/a><\/p>\n<p class=\"text\"><a href=\"https:\/\/www.purepeople.com.br\/noticia\/abel-morre-na-novela-dona-de-mim-apos-tragedia-tony-ramos-faz-filme-inedito-fora-da-globo-com-gloria-pires-e-cleo_a410024\/1\" rel=\"nofollow noopener\" target=\"_blank\">Qual \u00e9 o destino de Tony Ramos ap\u00f3s &#8216;Dona de Mim&#8217;? Com despedida tr\u00e1gica na novela, ator \u00e9 confirmado fora da Globo em projeto<\/a><\/p>\n<p class=\"text\"><a href=\"https:\/\/www.purepeople.com.br\/noticia\/neguinho-da-beija-flor-e-globo-parceria-inedita-apos-cantor-deixar-carnaval-com-15-vitoria-saiba-qual_a404365\/1\" rel=\"nofollow noopener\" target=\"_blank\">Nem novela, nem musical: Neguinho da Beija-Flor e Globo acertam parceria in\u00e9dita ap\u00f3s cantor se despedir do Carnaval do Rio<\/a><\/p>\n","protected":false},"excerpt":{"rendered":"&#8216;A Fazenda 2025&#8217; promete inovar com din\u00e2mica in\u00e9dita estrelada por um ator de novelas da Record e da&hellip;\n","protected":false},"author":2,"featured_media":51885,"comment_status":"","ping_status":"","sticky":false,"template":"","format":"standard","meta":{"footnotes":""},"categories":[142],"tags":[114,115,32,33,151],"class_list":{"0":"post-51884","1":"post","2":"type-post","3":"status-publish","4":"format-standard","5":"has-post-thumbnail","7":"category-tv","8":"tag-entertainment","9":"tag-entretenimento","10":"tag-portugal","11":"tag-pt","12":"tag-tv"},"share_on_mastodon":{"url":"","error":""},"_links":{"self":[{"href":"https:\/\/www.europesays.com\/pt\/wp-json\/wp\/v2\/posts\/51884","targetHints":{"allow":["GET"]}}],"collection":[{"href":"https:\/\/www.europesays.com\/pt\/wp-json\/wp\/v2\/posts"}],"about":[{"href":"https:\/\/www.europesays.com\/pt\/wp-json\/wp\/v2\/types\/post"}],"author":[{"embeddable":true,"href":"https:\/\/www.europesays.com\/pt\/wp-json\/wp\/v2\/users\/2"}],"replies":[{"embeddable":true,"href":"https:\/\/www.europesays.com\/pt\/wp-json\/wp\/v2\/comments?post=51884"}],"version-history":[{"count":0,"href":"https:\/\/www.europesays.com\/pt\/wp-json\/wp\/v2\/posts\/51884\/revisions"}],"wp:featuredmedia":[{"embeddable":true,"href":"https:\/\/www.europesays.com\/pt\/wp-json\/wp\/v2\/media\/51885"}],"wp:attachment":[{"href":"https:\/\/www.europesays.com\/pt\/wp-json\/wp\/v2\/media?parent=51884"}],"wp:term":[{"taxonomy":"category","embeddable":true,"href":"https:\/\/www.europesays.com\/pt\/wp-json\/wp\/v2\/categories?post=51884"},{"taxonomy":"post_tag","embeddable":true,"href":"https:\/\/www.europesays.com\/pt\/wp-json\/wp\/v2\/tags?post=51884"}],"curies":[{"name":"wp","href":"https:\/\/api.w.org\/{rel}","templated":true}]}}