{"id":51888,"date":"2025-08-30T20:26:05","date_gmt":"2025-08-30T20:26:05","guid":{"rendered":"https:\/\/www.europesays.com\/pt\/51888\/"},"modified":"2025-08-30T20:26:05","modified_gmt":"2025-08-30T20:26:05","slug":"sporting-fc-porto-onzes-gabri-lesionado-mora-avanca-para-o-classico","status":"publish","type":"post","link":"https:\/\/www.europesays.com\/pt\/51888\/","title":{"rendered":"Sporting-FC Porto (ONZES): Gabri lesionado, Mora avan\u00e7a para o cl\u00e1ssico"},"content":{"rendered":"<p style=\"margin-bottom:11px\">Sporting e FC Porto medem for\u00e7as neste s\u00e1bado, pelas 20h30, num duelo da quarta jornada do campeonato que marca o primeiro Cl\u00e1ssico da \u00e9poca nesta competi\u00e7\u00e3o. Le\u00f5es e drag\u00f5es s\u00f3 conhecem at\u00e9 agora o sabor da vit\u00f3ria, com tr\u00eas triunfos e nove pontos somados.<\/p>\n<p style=\"margin-bottom:11px\">J\u00e1 s\u00e3o conhecidas as escolhas dos dois t\u00e9cnicos. Gabri Veiga sofreu uma lombalgia aguda e ficou indispon\u00edvel para este jogo, sendo que Francisco Moura e Rodrigo Mora saltam para o onze inicial de Farioli. Samu come\u00e7a o jogo no banco, ap\u00f3s recuperar de les\u00e3o.<\/p>\n<p style=\"margin-bottom:11px\">Rui Borges aposta praticamente no mesmo onze da \u00faltima partida. Faz apenas uma altera\u00e7\u00e3o (for\u00e7ada) &#8211; o lesionado Morita d\u00e1 lugar a Giorgi Kochorashvili.<\/p>\n<p><strong>SPORTING:<\/strong> Rui Silva, Iv\u00e1n Fresneda, Debast, Gon\u00e7alo In\u00e1cio, Ricardo Mangas; Morten Hjulmand e Kochorashvili; Geny Catamo, Francisco Trinc\u00e3o e Pote; Luis Su\u00e1rez.<\/p>\n<p><strong>SUPLENTES SPORTING:<\/strong> Jo\u00e3o Virg\u00ednia, Matheus Reis, Geovany Quenda, Vagiannidis, Alisson Santos, Jo\u00e3o Sim\u00f5es, Rayan Lucas e Eduardo Quaresma.<\/p>\n<p><strong>FC PORTO:<\/strong>\u00a0Diogo Costa; Alberto Costa, Nehu\u00e9n P\u00e9rez, Bednarek e Francisco Moura; Froholdt e Alan Varela; William Gomes, Rodrigo Mora e Borja Sainz; Luuk De Jong.<\/p>\n<p><strong>SUPLENTES FC PORTO:<\/strong> Cl\u00e1udio Ramos, Z\u00e9 Pedro, Stephen Eust\u00e1quio, Samu, Zaidu, Pablo Ros\u00e1rio, Vasco Sousa, Prpic e Deniz Gul.<\/p>\n<p>Acompanhe este duelo <strong><a href=\"https:\/\/maisfutebol.iol.pt\/jogo\/aominuto\/sporting\/fcporto\/13828277?tab=aominuto\" rel=\"nofollow noopener\" target=\"_blank\">AO VIVO<\/a><\/strong> com o <strong>Maisfutebol<\/strong>, pelas 20h30. N\u00e3o perca nada do Cl\u00e1ssico.<\/p>\n<p style=\"margin-bottom:11px\"><strong>[Not\u00edcia em atualiza\u00e7\u00e3o] <\/strong><\/p>\n","protected":false},"excerpt":{"rendered":"Sporting e FC Porto medem for\u00e7as neste s\u00e1bado, pelas 20h30, num duelo da quarta jornada do campeonato que&hellip;\n","protected":false},"author":2,"featured_media":51889,"comment_status":"","ping_status":"","sticky":false,"template":"","format":"standard","meta":{"footnotes":""},"categories":[87],"tags":[135,282,36,46,32,33,47,34,134],"class_list":{"0":"post-51888","1":"post","2":"type-post","3":"status-publish","4":"format-standard","5":"has-post-thumbnail","7":"category-desporto","8":"tag-desporto","9":"tag-fc-porto","10":"tag-liga","11":"tag-maisfutebol","12":"tag-portugal","13":"tag-pt","14":"tag-pura-paixao","15":"tag-sporting","16":"tag-sports"},"share_on_mastodon":{"url":"","error":""},"_links":{"self":[{"href":"https:\/\/www.europesays.com\/pt\/wp-json\/wp\/v2\/posts\/51888","targetHints":{"allow":["GET"]}}],"collection":[{"href":"https:\/\/www.europesays.com\/pt\/wp-json\/wp\/v2\/posts"}],"about":[{"href":"https:\/\/www.europesays.com\/pt\/wp-json\/wp\/v2\/types\/post"}],"author":[{"embeddable":true,"href":"https:\/\/www.europesays.com\/pt\/wp-json\/wp\/v2\/users\/2"}],"replies":[{"embeddable":true,"href":"https:\/\/www.europesays.com\/pt\/wp-json\/wp\/v2\/comments?post=51888"}],"version-history":[{"count":0,"href":"https:\/\/www.europesays.com\/pt\/wp-json\/wp\/v2\/posts\/51888\/revisions"}],"wp:featuredmedia":[{"embeddable":true,"href":"https:\/\/www.europesays.com\/pt\/wp-json\/wp\/v2\/media\/51889"}],"wp:attachment":[{"href":"https:\/\/www.europesays.com\/pt\/wp-json\/wp\/v2\/media?parent=51888"}],"wp:term":[{"taxonomy":"category","embeddable":true,"href":"https:\/\/www.europesays.com\/pt\/wp-json\/wp\/v2\/categories?post=51888"},{"taxonomy":"post_tag","embeddable":true,"href":"https:\/\/www.europesays.com\/pt\/wp-json\/wp\/v2\/tags?post=51888"}],"curies":[{"name":"wp","href":"https:\/\/api.w.org\/{rel}","templated":true}]}}