{"id":51893,"date":"2025-08-30T20:36:08","date_gmt":"2025-08-30T20:36:08","guid":{"rendered":"https:\/\/www.europesays.com\/pt\/51893\/"},"modified":"2025-08-30T20:36:08","modified_gmt":"2025-08-30T20:36:08","slug":"na-china-guterres-enaltece-importancia-de-pequim-para-o-multilateralismo-asia","status":"publish","type":"post","link":"https:\/\/www.europesays.com\/pt\/51893\/","title":{"rendered":"Na China, Guterres enaltece import\u00e2ncia de Pequim para o multilateralismo | \u00c1sia"},"content":{"rendered":"<p>Numa visita inesperada \u00e0 China para participar na <a href=\"https:\/\/www.publico.pt\/2025\/08\/30\/mundo\/noticia\/xi-junta-putin-modi-kim-china-retrato-ordem-internacional-posamericana-2145398\" target=\"_blank\" rel=\"nofollow noopener\">cimeira da Organiza\u00e7\u00e3o para a Coopera\u00e7\u00e3o de Xangai<\/a>, o secret\u00e1rio-geral das Na\u00e7\u00f5es Unidas, Ant\u00f3nio Guterres, sublinhou o papel fundamental de Pequim para manter o multilateralismo nas rela\u00e7\u00f5es internacionais.<\/p>\n<p>N\u00e3o era esperado que Guterres comparecesse ao encontro que nos pr\u00f3ximos dias vai juntar l\u00edderes como o Presidente russo, Vladimir Putin, ou o primeiro-ministro indiano, Narendra Modi, na cidade portu\u00e1ria de Tianjin.<\/p>\n<p>\u201cNuma altura em que o multilateralismo est\u00e1 debaixo de fogo, o apoio da China (\u2026) \u00e9 um elemento extremamente importante para preservar\u201d, afirmou Guterres este s\u00e1bado, pouco depois de chegar \u00e0 cidade da cimeira. \u201cVemos algumas novas formas de pol\u00edticas que s\u00e3o por vezes dif\u00edceis de compreender, que por vezes se parecem mais com um espect\u00e1culo do que com esfor\u00e7os diplom\u00e1ticos s\u00e9rios, e nos quais os neg\u00f3cios e a pol\u00edtica parecem tamb\u00e9m estar misturados\u201d, acrescentou.<\/p>\n<p>        &#13;<\/p>\n<p>&#13;<br \/>\n                &#13;\n            <\/p>\n<p>&#13;<\/p>\n<p>As palavras de Guterres parecem apontadas directamente ao Presidente dos Estados Unidos, Donald Trump, sobretudo \u00e0 forma como tem tentado <a href=\"https:\/\/www.publico.pt\/2025\/08\/26\/mundo\/noticia\/trump-nao-marcado-encontro-putin-zelensky-havera-consequencias-2144990\" target=\"_blank\" rel=\"nofollow noopener\">mediar um acordo de paz na Ucr\u00e2nia<\/a>, algo que, at\u00e9 ao momento, lhe tem escapado a todos os n\u00edveis.<\/p>\n<p>\u201cO papel da Rep\u00fablica Popular da China como pilar fundamental do sistema multilateral \u00e9 extremamente importante e estamos extremamente gratos e reconhecidos por isso\u201d, acrescentou o secret\u00e1rio-geral da ONU.<\/p>\n<p>Ao seu lado, o Presidente chin\u00eas, Xi Jinping, mostrou-se dispon\u00edvel para \u201caprofundar a coopera\u00e7\u00e3o com as Na\u00e7\u00f5es Unidas\u201d e a \u201capoiar o seu papel central nos assuntos internacionais\u201d.<\/p>\n<p>A visita inesperada de Guterres \u00e0 China, nas v\u00e9speras da 80.\u00aa Assembleia Geral das Na\u00e7\u00f5es Unidas, n\u00e3o dever\u00e1 cair bem junto de Trump que sempre se posicionou como um <a href=\"https:\/\/www.publico.pt\/2025\/03\/08\/azul\/noticia\/agenda-2030-governo-trump-rejeita-metas-desenvolvimento-sustentavel-onu-2125223\" target=\"_blank\" rel=\"nofollow noopener\">cr\u00edtico da ONU<\/a> e da sua <a href=\"https:\/\/www.publico.pt\/2020\/04\/08\/mundo\/noticia\/trump-ameaca-cortar-financiamento-oms-demasiado-centrada-china-1911484\" target=\"_blank\" rel=\"nofollow noopener\">proximidade em rela\u00e7\u00e3o ao regime chin\u00eas<\/a>.<\/p>\n<p>Na v\u00e9spera de viajar at\u00e9 \u00e0 China, onde ser\u00e1 o convidado de honra para a parada militar que comemora o final da II Guerra Mundial no pa\u00eds, Putin reafirmou o desejo de aprofundar as boas rela\u00e7\u00f5es com Pequim e criticou o que disse ser o revisionismo hist\u00f3rico feito pelo Ocidente em rela\u00e7\u00e3o ao conflito que terminou h\u00e1 80 anos.<\/p>\n<p>\u201cOs factos hist\u00f3ricos inconvenientes est\u00e3o a ser apagados e a verdade hist\u00f3rica est\u00e1 a ser distorcida e suprimida para se adaptar \u00e0s suas agendas pol\u00edticas actuais\u201d, afirmou Putin numa entrevista \u00e0 ag\u00eancia estatal Xinhua, publicada este s\u00e1bado.<\/p>\n<p>O Presidente russo, respons\u00e1vel pela primeira guerra de agress\u00e3o no continente europeu desde o fim da II Guerra Mundial, criticou o ressurgimento do \u201cmilitarismo japon\u00eas\u201d que acontece \u201csob o pretexto de amea\u00e7as imagin\u00e1rias russas e chinesas\u201d, bem como a \u201cremilitariza\u00e7\u00e3o\u201d da Europa que est\u00e1 a encorajar o \u201c<a href=\"https:\/\/www.publico.pt\/2025\/05\/08\/mundo\/noticia\/putin-recebe-xi-russia-china-estao-juntas-luta-neonazismo-2132344\" target=\"_blank\" rel=\"nofollow noopener\">revanchismo e o neonazismo<\/a>\u201d.<\/p>\n<p>\u201cA R\u00fassia e a China condenam em absoluto quaisquer tentativas de distorcer a hist\u00f3ria da II Guerra Mundial, de glorifica\u00e7\u00e3o dos nazis, militaristas e seus c\u00famplices, membros de esquadr\u00f5es da morte e assassinos, ou de difama\u00e7\u00e3o dos libertadores sovi\u00e9ticos\u201d, afirmou Putin.<\/p>\n<p>Desde que a R\u00fassia lan\u00e7ou uma <a href=\"https:\/\/www.publico.pt\/guerra-ucrania\" target=\"_blank\" rel=\"nofollow noopener\">invas\u00e3o em larga escala da Ucr\u00e2nia<\/a>, h\u00e1 mais de tr\u00eas anos e meio, que as rela\u00e7\u00f5es com a China se t\u00eam aprofundado, embora Pequim insista na condi\u00e7\u00e3o de pa\u00eds neutro em rela\u00e7\u00e3o a este conflito e at\u00e9 se tenha disponibilizado para mediar uma solu\u00e7\u00e3o diplom\u00e1tica.<\/p>\n<p>Por\u00e9m, a China \u00e9 vista como tendo um papel fundamental para manter a economia russa, alvo de pesadas san\u00e7\u00f5es por parte da Europa, EUA e outros pa\u00edses ocidentais, \u00e0 tona e como fornecedora indirecta de materiais usados para alimentar a m\u00e1quina de guerra da R\u00fassia.<\/p>\n","protected":false},"excerpt":{"rendered":"Numa visita inesperada \u00e0 China para participar na cimeira da Organiza\u00e7\u00e3o para a Coopera\u00e7\u00e3o de Xangai, o secret\u00e1rio-geral&hellip;\n","protected":false},"author":2,"featured_media":51894,"comment_status":"","ping_status":"","sticky":false,"template":"","format":"standard","meta":{"footnotes":""},"categories":[50],"tags":[5465,367,27,28,358,637,15,16,14,25,26,21,22,62,12,13,19,20,910,23,24,839,17,18,29,30,31,63,64,65,7719],"class_list":{"0":"post-51893","1":"post","2":"type-post","3":"status-publish","4":"format-standard","5":"has-post-thumbnail","7":"category-mundo","8":"tag-antonio-guterres","9":"tag-asia","10":"tag-breaking-news","11":"tag-breakingnews","12":"tag-china","13":"tag-diplomacia","14":"tag-featured-news","15":"tag-featurednews","16":"tag-headlines","17":"tag-latest-news","18":"tag-latestnews","19":"tag-main-news","20":"tag-mainnews","21":"tag-mundo","22":"tag-news","23":"tag-noticias","24":"tag-noticias-principais","25":"tag-noticiasprincipais","26":"tag-onu","27":"tag-principais-noticias","28":"tag-principaisnoticias","29":"tag-russia","30":"tag-top-stories","31":"tag-topstories","32":"tag-ultimas","33":"tag-ultimas-noticias","34":"tag-ultimasnoticias","35":"tag-world","36":"tag-world-news","37":"tag-worldnews","38":"tag-xi-jinping"},"share_on_mastodon":{"url":"","error":""},"_links":{"self":[{"href":"https:\/\/www.europesays.com\/pt\/wp-json\/wp\/v2\/posts\/51893","targetHints":{"allow":["GET"]}}],"collection":[{"href":"https:\/\/www.europesays.com\/pt\/wp-json\/wp\/v2\/posts"}],"about":[{"href":"https:\/\/www.europesays.com\/pt\/wp-json\/wp\/v2\/types\/post"}],"author":[{"embeddable":true,"href":"https:\/\/www.europesays.com\/pt\/wp-json\/wp\/v2\/users\/2"}],"replies":[{"embeddable":true,"href":"https:\/\/www.europesays.com\/pt\/wp-json\/wp\/v2\/comments?post=51893"}],"version-history":[{"count":0,"href":"https:\/\/www.europesays.com\/pt\/wp-json\/wp\/v2\/posts\/51893\/revisions"}],"wp:featuredmedia":[{"embeddable":true,"href":"https:\/\/www.europesays.com\/pt\/wp-json\/wp\/v2\/media\/51894"}],"wp:attachment":[{"href":"https:\/\/www.europesays.com\/pt\/wp-json\/wp\/v2\/media?parent=51893"}],"wp:term":[{"taxonomy":"category","embeddable":true,"href":"https:\/\/www.europesays.com\/pt\/wp-json\/wp\/v2\/categories?post=51893"},{"taxonomy":"post_tag","embeddable":true,"href":"https:\/\/www.europesays.com\/pt\/wp-json\/wp\/v2\/tags?post=51893"}],"curies":[{"name":"wp","href":"https:\/\/api.w.org\/{rel}","templated":true}]}}