{"id":51895,"date":"2025-08-30T20:36:43","date_gmt":"2025-08-30T20:36:43","guid":{"rendered":"https:\/\/www.europesays.com\/pt\/51895\/"},"modified":"2025-08-30T20:36:43","modified_gmt":"2025-08-30T20:36:43","slug":"diaria-de-r-40-mil-como-e-a-suite-de-odete-roitman-de-vale-tudo-no-copacabana-palace","status":"publish","type":"post","link":"https:\/\/www.europesays.com\/pt\/51895\/","title":{"rendered":"Di\u00e1ria de R$ 40 mil: como \u00e9 a su\u00edte de Odete Roitman de Vale Tudo no Copacabana Palace"},"content":{"rendered":"<p>                        <a href=\"https:\/\/img.nsctotal.com.br\/wp-content\/uploads\/2025\/08\/Suite-de-Odete-Roitman-no-Copacabana-Palace-em-Vale-Tudo-7.jpg\" data-caption=\"Su\u00edte de Odete Roitman no Copacabana Palace em Vale Tudo \" aria-label=\"Su\u00edte de Odete Roitman no Copacabana Palace em Vale Tudo \" rel=\"nofollow noopener\" target=\"_blank\"><img width=\"944\" height=\"531\" src=\"https:\/\/www.europesays.com\/pt\/wp-content\/uploads\/2025\/08\/Suite-de-Odete-Roitman-no-Copacabana-Palace-em-Vale-Tudo-7-944x531.jpg\" class=\"attachment-custom-large size-custom-large article-featured-image\" alt=\"Su\u00edte de Odete Roitman no Copacabana Palace em Vale Tudo\" fetchpriority=\"high\" decoding=\"async\"  \/><\/a><\/p>\n<p>Odete Roitman com Walter no hotel em Vale Tudo (Foto: Divulga\u00e7\u00e3o, Globo)<\/p>\n<p>Odete Roitman (Debora Bloch) n\u00e3o gosta de ficar na mesma casa que a fam\u00edlia em Vale Tudo. A vil\u00e3 prefere a individualidade e a privacidade de um quarto de hotel. Mas \u00e9 claro que se tratando da poderosa dona da TCA n\u00e3o seria qualquer su\u00edte de um \u201chotel limpinho\u201d que ela se hospedaria.<\/p>\n<p>Continua depois da publicidade<\/p>\n<p>O Copacabana Palace, um dos hoteis mais famosos do Brasil, \u00e9 o local escolhido por Odete Roitman para morar enquanto est\u00e1 no Brasil. Apesar de estar sempre na mans\u00e3o de Tia Celina (Malu Galli), Odete tem uma su\u00edte presidencial de luxo para receber seus amantes e armar seus planos mal\u00e9ficos.<\/p>\n<p>Segundo o jornal O Globo, Odete estaria hospedada em uma das su\u00edtes mais caras do Brasil, com di\u00e1rias em cerca de R$ 40 mil. A Signature Suite tem entre 117 e 199 metros quadrados, \u00e9 o que diz o site do Copacabana Palace.<\/p>\n<p>A su\u00edte de Odete fica no \u00faltimo andar do hotel e tem acesso exclusivo. O tamanho impressiona porque \u00e9 o mesmo de muitos apartamentos e casas pelo Brasil. O local tem uma varanda privativa, vista para o mar de Copacabana.<\/p>\n<p>Continua depois da publicidade<\/p>\n<p>Al\u00e9m disso, a piscina tem acesso semi-privativo e a su\u00edte conta tamb\u00e9m com servi\u00e7o de mordomo personalizado. A decora\u00e7\u00e3o tem tapetes orientais, franceses, m\u00e1rmore no banheiro e na banheira.<\/p>\n<p>Veja imagens da su\u00edte de Odete Roitman em Vale Tudo<a href=\"https:\/\/www.europesays.com\/pt\/wp-content\/uploads\/2025\/08\/Suite-de-Odete-Roitman-no-Copacabana-Palace-em-Vale-Tudo.jpg\"><a href=\"https:\/\/www.europesays.com\/pt\/wp-content\/uploads\/2025\/08\/Suite-de-Odete-Roitman-no-Copacabana-Palace-em-Vale-Tudo.jpg\" aria-label=\"Imagem da Galeria\"><img loading=\"lazy\" decoding=\"async\" width=\"1200\" height=\"675\" data-id=\"7630645\" src=\"https:\/\/www.europesays.com\/pt\/wp-content\/uploads\/2025\/08\/Suite-de-Odete-Roitman-no-Copacabana-Palace-em-Vale-Tudo.jpg\" alt=\"Su\u00edte de Odete Roitman no Copacabana Palace em Vale Tudo\" class=\"wp-image-7630645\"  \/><\/a><\/p>\n<p>Em \u2018Vale Tudo\u2019, Odete Roitman se hospeda em um hotel de luxo (Foto: Globo, Divulga\u00e7\u00e3o \/ Copacabana Palace, Divulga\u00e7\u00e3o) <\/p>\n<p><a href=\"https:\/\/www.europesays.com\/pt\/wp-content\/uploads\/2025\/08\/Suite-de-Odete-Roitman-no-Copacabana-Palace-em-Vale-Tudo-8.jpg\"><a href=\"https:\/\/www.europesays.com\/pt\/wp-content\/uploads\/2025\/08\/Suite-de-Odete-Roitman-no-Copacabana-Palace-em-Vale-Tudo-8.jpg\" aria-label=\"Imagem da Galeria\"><img loading=\"lazy\" decoding=\"async\" width=\"1200\" height=\"675\" data-id=\"7630644\" src=\"https:\/\/www.europesays.com\/pt\/wp-content\/uploads\/2025\/08\/Suite-de-Odete-Roitman-no-Copacabana-Palace-em-Vale-Tudo-8.jpg\" alt=\"\" class=\"wp-image-7630644\"  \/><\/a><\/p>\n<p>Ela na piscina do hotel (Foto: Divulga\u00e7\u00e3o, Globo)<\/p>\n<p><a href=\"https:\/\/img.nsctotal.com.br\/wp-content\/uploads\/2025\/08\/Suite-de-Odete-Roitman-no-Copacabana-Palace-em-Vale-Tudo-7.jpg\" rel=\"nofollow noopener\" target=\"_blank\"><a href=\"https:\/\/img.nsctotal.com.br\/wp-content\/uploads\/2025\/08\/Suite-de-Odete-Roitman-no-Copacabana-Palace-em-Vale-Tudo-7.jpg\" aria-label=\"Imagem da Galeria\" rel=\"nofollow noopener\" target=\"_blank\"><img loading=\"lazy\" decoding=\"async\" width=\"1200\" height=\"675\" data-id=\"7630643\" src=\"https:\/\/img.nsctotal.com.br\/wp-content\/uploads\/2025\/08\/Suite-de-Odete-Roitman-no-Copacabana-Palace-em-Vale-Tudo-7.jpg\" alt=\"Su\u00edte de Odete Roitman no Copacabana Palace em Vale Tudo\" class=\"wp-image-7630643\"  \/><\/a><\/p>\n<p>Su\u00edte de Odete Roitman no Copacabana Palace em Vale Tudo <\/p>\n<p><a href=\"https:\/\/img.nsctotal.com.br\/wp-content\/uploads\/2025\/08\/Suite-de-Odete-Roitman-no-Copacabana-Palace-em-Vale-Tudo-5.jpg\" rel=\"nofollow noopener\" target=\"_blank\"><a href=\"https:\/\/img.nsctotal.com.br\/wp-content\/uploads\/2025\/08\/Suite-de-Odete-Roitman-no-Copacabana-Palace-em-Vale-Tudo-5.jpg\" aria-label=\"Imagem da Galeria\" rel=\"nofollow noopener\" target=\"_blank\"><img loading=\"lazy\" decoding=\"async\" width=\"1200\" height=\"675\" data-id=\"7630641\" src=\"https:\/\/img.nsctotal.com.br\/wp-content\/uploads\/2025\/08\/Suite-de-Odete-Roitman-no-Copacabana-Palace-em-Vale-Tudo-5.jpg\" alt=\"Su\u00edte de Odete Roitman no Copacabana Palace em Vale Tudo\" class=\"wp-image-7630641\"  \/><\/a><\/p>\n<p>Odete com Maria de F\u00e1tima (Foto: Reprodu\u00e7\u00e3o, TV Globo)<\/p>\n<p><a href=\"https:\/\/img.nsctotal.com.br\/wp-content\/uploads\/2025\/08\/Suite-de-Odete-Roitman-no-Copacabana-Palace-em-Vale-Tudo-4.jpg\" rel=\"nofollow noopener\" target=\"_blank\"><a href=\"https:\/\/img.nsctotal.com.br\/wp-content\/uploads\/2025\/08\/Suite-de-Odete-Roitman-no-Copacabana-Palace-em-Vale-Tudo-4.jpg\" aria-label=\"Imagem da Galeria\" rel=\"nofollow noopener\" target=\"_blank\"><img loading=\"lazy\" decoding=\"async\" width=\"1200\" height=\"675\" data-id=\"7630640\" src=\"https:\/\/img.nsctotal.com.br\/wp-content\/uploads\/2025\/08\/Suite-de-Odete-Roitman-no-Copacabana-Palace-em-Vale-Tudo-4.jpg\" alt=\"\" class=\"wp-image-7630640\"  \/><\/a><\/p>\n<p>Logo que chegou ao Brasil ela foi para o quarto de hotel (Foto: Reprodu\u00e7\u00e3o, TV Globo)<\/p>\n<p><a href=\"https:\/\/img.nsctotal.com.br\/wp-content\/uploads\/2025\/08\/Como-e-o-quarto-de-de-Odete-Roitman-suite-do-Copacabana-Palace-com-diaria-de-R-40-mil.jpg\" rel=\"nofollow noopener\" target=\"_blank\"><a href=\"https:\/\/img.nsctotal.com.br\/wp-content\/uploads\/2025\/08\/Como-e-o-quarto-de-de-Odete-Roitman-suite-do-Copacabana-Palace-com-diaria-de-R-40-mil.jpg\" aria-label=\"Imagem da Galeria\" rel=\"nofollow noopener\" target=\"_blank\"><img loading=\"lazy\" decoding=\"async\" width=\"1200\" height=\"675\" data-id=\"7630632\" src=\"https:\/\/img.nsctotal.com.br\/wp-content\/uploads\/2025\/08\/Como-e-o-quarto-de-de-Odete-Roitman-suite-do-Copacabana-Palace-com-diaria-de-R-40-mil.jpg\" alt=\"Su\u00edte de Odete Roitman no Copacabana Palace em Vale Tudo\" class=\"wp-image-7630632\"  \/><\/a><\/p>\n<p>Piscina semiprivativa que faz parte da su\u00edte (Foto: Copacabana Palace, Divulga\u00e7\u00e3o) <\/p>\n<p><a href=\"https:\/\/img.nsctotal.com.br\/wp-content\/uploads\/2025\/08\/Como-e-o-quarto-de-de-Odete-Roitman-suite-do-Copacabana-Palace-com-diaria-de-R-40-mil-1.jpg\" rel=\"nofollow noopener\" target=\"_blank\"><a href=\"https:\/\/img.nsctotal.com.br\/wp-content\/uploads\/2025\/08\/Como-e-o-quarto-de-de-Odete-Roitman-suite-do-Copacabana-Palace-com-diaria-de-R-40-mil-1.jpg\" aria-label=\"Imagem da Galeria\" rel=\"nofollow noopener\" target=\"_blank\"><img loading=\"lazy\" decoding=\"async\" width=\"1200\" height=\"675\" data-id=\"7630631\" src=\"https:\/\/img.nsctotal.com.br\/wp-content\/uploads\/2025\/08\/Como-e-o-quarto-de-de-Odete-Roitman-suite-do-Copacabana-Palace-com-diaria-de-R-40-mil-1.jpg\" alt=\"\" class=\"wp-image-7630631\"  \/><\/a><\/p>\n<p>Piscina semiprivativa que faz parte da su\u00edte (Foto: Copacabana Palace, Divulga\u00e7\u00e3o) <\/p>\n<p><a href=\"https:\/\/img.nsctotal.com.br\/wp-content\/uploads\/2025\/08\/Como-e-o-quarto-de-de-Odete-Roitman-suite-do-Copacabana-Palace-com-diaria-de-R-40-mil-2.jpg\" rel=\"nofollow noopener\" target=\"_blank\"><a href=\"https:\/\/img.nsctotal.com.br\/wp-content\/uploads\/2025\/08\/Como-e-o-quarto-de-de-Odete-Roitman-suite-do-Copacabana-Palace-com-diaria-de-R-40-mil-2.jpg\" aria-label=\"Imagem da Galeria\" rel=\"nofollow noopener\" target=\"_blank\"><img loading=\"lazy\" decoding=\"async\" width=\"1200\" height=\"675\" data-id=\"7630630\" src=\"https:\/\/img.nsctotal.com.br\/wp-content\/uploads\/2025\/08\/Como-e-o-quarto-de-de-Odete-Roitman-suite-do-Copacabana-Palace-com-diaria-de-R-40-mil-2.jpg\" alt=\"Su\u00edte de Odete Roitman no Copacabana Palace em Vale Tudo\" class=\"wp-image-7630630\"  \/><\/a><\/p>\n<p>Vista do hotel (Foto: Copacabana Palace, Divulga\u00e7\u00e3o) <\/p>\n<p><a href=\"https:\/\/img.nsctotal.com.br\/wp-content\/uploads\/2025\/08\/Como-e-o-quarto-de-de-Odete-Roitman-suite-do-Copacabana-Palace-com-diaria-de-R-40-mil-3.jpg\" rel=\"nofollow noopener\" target=\"_blank\"><a href=\"https:\/\/img.nsctotal.com.br\/wp-content\/uploads\/2025\/08\/Como-e-o-quarto-de-de-Odete-Roitman-suite-do-Copacabana-Palace-com-diaria-de-R-40-mil-3.jpg\" aria-label=\"Imagem da Galeria\" rel=\"nofollow noopener\" target=\"_blank\"><img loading=\"lazy\" decoding=\"async\" width=\"1200\" height=\"675\" data-id=\"7630629\" src=\"https:\/\/img.nsctotal.com.br\/wp-content\/uploads\/2025\/08\/Como-e-o-quarto-de-de-Odete-Roitman-suite-do-Copacabana-Palace-com-diaria-de-R-40-mil-3.jpg\" alt=\"\" class=\"wp-image-7630629\"  \/><\/a><\/p>\n<p>Banheiro \u00e9 de m\u00e1rmore (Foto: Copacabana Palace, Divulga\u00e7\u00e3o) <\/p>\n<p><a href=\"https:\/\/www.europesays.com\/pt\/wp-content\/uploads\/2025\/08\/Como-e-o-quarto-de-de-Odete-Roitman-suite-do-Copacabana-Palace-com-diaria-de-R-40-mil-4.jpg\"><a href=\"https:\/\/www.europesays.com\/pt\/wp-content\/uploads\/2025\/08\/Como-e-o-quarto-de-de-Odete-Roitman-suite-do-Copacabana-Palace-com-diaria-de-R-40-mil-4.jpg\" aria-label=\"Imagem da Galeria\"><img loading=\"lazy\" decoding=\"async\" width=\"1200\" height=\"675\" data-id=\"7630628\" src=\"https:\/\/www.europesays.com\/pt\/wp-content\/uploads\/2025\/08\/Como-e-o-quarto-de-de-Odete-Roitman-suite-do-Copacabana-Palace-com-diaria-de-R-40-mil-4.jpg\" alt=\"Su\u00edte de Odete Roitman no Copacabana Palace em Vale Tudo\" class=\"wp-image-7630628\"  \/><\/a><\/p>\n<p>Banheira da su\u00edte (Foto: Copacabana Palace, Divulga\u00e7\u00e3o) <\/p>\n<p><a href=\"https:\/\/www.europesays.com\/pt\/wp-content\/uploads\/2025\/08\/Como-e-o-quarto-de-de-Odete-Roitman-suite-do-Copacabana-Palace-com-diaria-de-R-40-mil-5.jpg\"><a href=\"https:\/\/www.europesays.com\/pt\/wp-content\/uploads\/2025\/08\/Como-e-o-quarto-de-de-Odete-Roitman-suite-do-Copacabana-Palace-com-diaria-de-R-40-mil-5.jpg\" aria-label=\"Imagem da Galeria\"><img loading=\"lazy\" decoding=\"async\" width=\"1200\" height=\"675\" data-id=\"7630627\" src=\"https:\/\/www.europesays.com\/pt\/wp-content\/uploads\/2025\/08\/Como-e-o-quarto-de-de-Odete-Roitman-suite-do-Copacabana-Palace-com-diaria-de-R-40-mil-5.jpg\" alt=\"\" class=\"wp-image-7630627\"  \/><\/a><\/p>\n<p>Su\u00edte conta com varanda de frente para o mar (Foto: Copacabana Palace, Divulga\u00e7\u00e3o) <\/p>\n<p><a href=\"https:\/\/www.europesays.com\/pt\/wp-content\/uploads\/2025\/08\/Como-e-o-quarto-de-de-Odete-Roitman-suite-do-Copacabana-Palace-com-diaria-de-R-40-mil-6.jpg\"><a href=\"https:\/\/www.europesays.com\/pt\/wp-content\/uploads\/2025\/08\/Como-e-o-quarto-de-de-Odete-Roitman-suite-do-Copacabana-Palace-com-diaria-de-R-40-mil-6.jpg\" aria-label=\"Imagem da Galeria\"><img loading=\"lazy\" decoding=\"async\" width=\"1200\" height=\"675\" data-id=\"7630626\" src=\"https:\/\/www.europesays.com\/pt\/wp-content\/uploads\/2025\/08\/Como-e-o-quarto-de-de-Odete-Roitman-suite-do-Copacabana-Palace-com-diaria-de-R-40-mil-6.jpg\" alt=\"Su\u00edte de Odete Roitman no Copacabana Palace em Vale Tudo\" class=\"wp-image-7630626\"  \/><\/a><\/p>\n<p>Su\u00edte conta com varanda de frente para o mar (Foto: Copacabana Palace, Divulga\u00e7\u00e3o) <\/p>\n<p><a href=\"https:\/\/www.europesays.com\/pt\/wp-content\/uploads\/2025\/08\/Como-e-o-quarto-de-de-Odete-Roitman-suite-do-Copacabana-Palace-com-diaria-de-R-40-mil-7.jpg\"><a href=\"https:\/\/www.europesays.com\/pt\/wp-content\/uploads\/2025\/08\/Como-e-o-quarto-de-de-Odete-Roitman-suite-do-Copacabana-Palace-com-diaria-de-R-40-mil-7.jpg\" aria-label=\"Imagem da Galeria\"><img loading=\"lazy\" decoding=\"async\" width=\"1200\" height=\"675\" data-id=\"7630625\" src=\"https:\/\/www.europesays.com\/pt\/wp-content\/uploads\/2025\/08\/Como-e-o-quarto-de-de-Odete-Roitman-suite-do-Copacabana-Palace-com-diaria-de-R-40-mil-7.jpg\" alt=\"\" class=\"wp-image-7630625\"  \/><\/a><\/p>\n<p>Su\u00edte conta com varanda de frente para o mar (Foto: Copacabana Palace, Divulga\u00e7\u00e3o) <\/p>\n<p>VoltarAvan\u00e7ar<\/p>\n<p><strong><a href=\"https:\/\/www.nsctotal.com.br\/noticias\/quando-odete-roitman-morre-no-remake-de-vale-tudo\" target=\"_blank\" rel=\"noreferrer noopener nofollow\">Quando Odete Roitman morre no remake de Vale Tudo?<\/a><\/strong><\/p>\n","protected":false},"excerpt":{"rendered":"Odete Roitman com Walter no hotel em Vale Tudo (Foto: Divulga\u00e7\u00e3o, Globo) Odete Roitman (Debora Bloch) n\u00e3o gosta&hellip;\n","protected":false},"author":2,"featured_media":51898,"comment_status":"","ping_status":"","sticky":false,"template":"","format":"standard","meta":{"footnotes":""},"categories":[142],"tags":[114,115,32,33,151,543],"class_list":{"0":"post-51895","1":"post","2":"type-post","3":"status-publish","4":"format-standard","5":"has-post-thumbnail","7":"category-tv","8":"tag-entertainment","9":"tag-entretenimento","10":"tag-portugal","11":"tag-pt","12":"tag-tv","13":"tag-ver-ouvir-ler"},"share_on_mastodon":{"url":"","error":""},"_links":{"self":[{"href":"https:\/\/www.europesays.com\/pt\/wp-json\/wp\/v2\/posts\/51895","targetHints":{"allow":["GET"]}}],"collection":[{"href":"https:\/\/www.europesays.com\/pt\/wp-json\/wp\/v2\/posts"}],"about":[{"href":"https:\/\/www.europesays.com\/pt\/wp-json\/wp\/v2\/types\/post"}],"author":[{"embeddable":true,"href":"https:\/\/www.europesays.com\/pt\/wp-json\/wp\/v2\/users\/2"}],"replies":[{"embeddable":true,"href":"https:\/\/www.europesays.com\/pt\/wp-json\/wp\/v2\/comments?post=51895"}],"version-history":[{"count":0,"href":"https:\/\/www.europesays.com\/pt\/wp-json\/wp\/v2\/posts\/51895\/revisions"}],"wp:featuredmedia":[{"embeddable":true,"href":"https:\/\/www.europesays.com\/pt\/wp-json\/wp\/v2\/media\/51898"}],"wp:attachment":[{"href":"https:\/\/www.europesays.com\/pt\/wp-json\/wp\/v2\/media?parent=51895"}],"wp:term":[{"taxonomy":"category","embeddable":true,"href":"https:\/\/www.europesays.com\/pt\/wp-json\/wp\/v2\/categories?post=51895"},{"taxonomy":"post_tag","embeddable":true,"href":"https:\/\/www.europesays.com\/pt\/wp-json\/wp\/v2\/tags?post=51895"}],"curies":[{"name":"wp","href":"https:\/\/api.w.org\/{rel}","templated":true}]}}