{"id":51896,"date":"2025-08-30T20:37:47","date_gmt":"2025-08-30T20:37:47","guid":{"rendered":"https:\/\/www.europesays.com\/pt\/51896\/"},"modified":"2025-08-30T20:37:47","modified_gmt":"2025-08-30T20:37:47","slug":"um-morto-em-atropelamento-ferroviario-em-cascais","status":"publish","type":"post","link":"https:\/\/www.europesays.com\/pt\/51896\/","title":{"rendered":"Um morto em atropelamento ferrovi\u00e1rio em Cascais"},"content":{"rendered":"<p>&#13;<br \/>\n        &#13;<br \/>\n&#13;<br \/>\n        &#13;<\/p>\n<p>            <a href=\"https:\/\/i0.wp.com\/recordeuropa.com\/wp-content\/uploads\/2022\/01\/morre-colhida-por-comboio-em-portimao.jpg?fit=1280%2C720&amp;quality=100&amp;ssl=1\" data-caption=\"\u00a9 D.R.\" rel=\"nofollow noopener\" target=\"_blank\"><img loading=\"lazy\" decoding=\"async\" width=\"696\" height=\"392\" class=\"entry-thumb td-modal-image\" src=\"https:\/\/www.europesays.com\/pt\/wp-content\/uploads\/2025\/08\/morre-colhida-por-comboio-em-portimao.jpg\"   alt=\"Acidente entre mota e Alfa Pendular faz dois mortos\" title=\"Acidente entre mota e Alfa Pendular faz dois mortos\"\/><\/a>\u00a9 D.R.<\/p>\n<p>Circula\u00e7\u00e3o foi suspensa na totalidade entre as esta\u00e7\u00f5es do Cais do Sodr\u00e9 e Alg\u00e9s.<\/p>\n<p>Uma pessoa morreu hoje na sequ\u00eancia de um atropelamento ferrovi\u00e1rio na passagem de n\u00edvel da Rocha do Conde de \u00d3bidos, encontrando-se a circula\u00e7\u00e3o suspensa na totalidade entre as esta\u00e7\u00f5es do Cais do Sodr\u00e9 e Alg\u00e9s, da Linha de Cascais.<\/p>\n<p>Fonte da CP \u2013 Comboios de Portugal disse \u00e0 ag\u00eancia Lusa que n\u00e3o h\u00e1 previs\u00e3o de quando ser\u00e1 retomada a circula\u00e7\u00e3o entre o Cais do Sodr\u00e9 e Alg\u00e9s, na Linha de Cascais, que est\u00e1 cortada nos dois sentidos nesse tro\u00e7o.<\/p>\n<p>Contactada pela Lusa, fonte do Regimento de Sapadores Bombeiros de Lisboa disse que o alerta para o atropelamento ferrovi\u00e1rio na passagem de n\u00edvel da Rocha do Conde de \u00d3bidos foi dado cerca das 08:30.<\/p>\n<p>\u00c0s 09:30, estavam no local 32 operacionais, com o apoio de 11 ve\u00edculos.<\/p>\n<p>        &#13;<br \/>\n&#13;<br \/>\n        &#13;<br \/>\n                        &#13;<br \/>\n            &#13;<br \/>\n&#13;<br \/>\n                                                        &#13;<br \/>\n&#13;<\/p>\n","protected":false},"excerpt":{"rendered":"&#13; &#13; &#13; &#13; \u00a9 D.R. Circula\u00e7\u00e3o foi suspensa na totalidade entre as esta\u00e7\u00f5es do Cais do Sodr\u00e9&hellip;\n","protected":false},"author":2,"featured_media":51897,"comment_status":"","ping_status":"","sticky":false,"template":"","format":"standard","meta":{"footnotes":""},"categories":[10],"tags":[2240,27,28,2587,15,16,14,25,26,21,22,1437,12,13,19,20,32,23,24,33,17,18,29,30,31],"class_list":{"0":"post-51896","1":"post","2":"type-post","3":"status-publish","4":"format-standard","5":"has-post-thumbnail","7":"category-portugal","8":"tag-atropelamento","9":"tag-breaking-news","10":"tag-breakingnews","11":"tag-comboio","12":"tag-featured-news","13":"tag-featurednews","14":"tag-headlines","15":"tag-latest-news","16":"tag-latestnews","17":"tag-main-news","18":"tag-mainnews","19":"tag-morte","20":"tag-news","21":"tag-noticias","22":"tag-noticias-principais","23":"tag-noticiasprincipais","24":"tag-portugal","25":"tag-principais-noticias","26":"tag-principaisnoticias","27":"tag-pt","28":"tag-top-stories","29":"tag-topstories","30":"tag-ultimas","31":"tag-ultimas-noticias","32":"tag-ultimasnoticias"},"share_on_mastodon":{"url":"","error":""},"_links":{"self":[{"href":"https:\/\/www.europesays.com\/pt\/wp-json\/wp\/v2\/posts\/51896","targetHints":{"allow":["GET"]}}],"collection":[{"href":"https:\/\/www.europesays.com\/pt\/wp-json\/wp\/v2\/posts"}],"about":[{"href":"https:\/\/www.europesays.com\/pt\/wp-json\/wp\/v2\/types\/post"}],"author":[{"embeddable":true,"href":"https:\/\/www.europesays.com\/pt\/wp-json\/wp\/v2\/users\/2"}],"replies":[{"embeddable":true,"href":"https:\/\/www.europesays.com\/pt\/wp-json\/wp\/v2\/comments?post=51896"}],"version-history":[{"count":0,"href":"https:\/\/www.europesays.com\/pt\/wp-json\/wp\/v2\/posts\/51896\/revisions"}],"wp:featuredmedia":[{"embeddable":true,"href":"https:\/\/www.europesays.com\/pt\/wp-json\/wp\/v2\/media\/51897"}],"wp:attachment":[{"href":"https:\/\/www.europesays.com\/pt\/wp-json\/wp\/v2\/media?parent=51896"}],"wp:term":[{"taxonomy":"category","embeddable":true,"href":"https:\/\/www.europesays.com\/pt\/wp-json\/wp\/v2\/categories?post=51896"},{"taxonomy":"post_tag","embeddable":true,"href":"https:\/\/www.europesays.com\/pt\/wp-json\/wp\/v2\/tags?post=51896"}],"curies":[{"name":"wp","href":"https:\/\/api.w.org\/{rel}","templated":true}]}}