{"id":51910,"date":"2025-08-30T20:46:10","date_gmt":"2025-08-30T20:46:10","guid":{"rendered":"https:\/\/www.europesays.com\/pt\/51910\/"},"modified":"2025-08-30T20:46:10","modified_gmt":"2025-08-30T20:46:10","slug":"vacina-universal-contra-o-cancro-elimina-tumores-resistentes","status":"publish","type":"post","link":"https:\/\/www.europesays.com\/pt\/51910\/","title":{"rendered":"Vacina universal contra o cancro elimina tumores resistentes&#8230;"},"content":{"rendered":"<p>Acredita-se que, com esfor\u00e7os conjuntos, os cancros poder\u00e3o desaparecer. Nesse sentido, uma nova investiga\u00e7\u00e3o abre caminho para uma vacina universal contra o cancro. Testada em ratos, conseguiu destruir at\u00e9 tumores resistentes a terapias tradicionais, trazendo esperan\u00e7a para milh\u00f5es de doentes.<\/p>\n<p><a target=\"_blank\" href=\"https:\/\/pplware.sapo.pt\/wp-content\/uploads\/2025\/08\/ilustracao_cancro00.webp\" rel=\"nofollow noopener\"><img fetchpriority=\"high\" decoding=\"async\" src=\"https:\/\/www.europesays.com\/pt\/wp-content\/uploads\/2025\/08\/ilustracao_cancro00-720x404.webp.webp\" alt=\"Ilustra\u00e7\u00e3o cancro\" width=\"720\" height=\"404\" class=\"aligncenter wp-image-1075938 size-medium\"  \/><\/a><\/p>\n<p>Cancro: um passo al\u00e9m das vacinas espec\u00edficas<\/p>\n<p>Os cientistas t\u00eam registado avan\u00e7os no desenvolvimento de vacinas contra o cancro, mas at\u00e9 agora limitadas a tipos espec\u00edficos de tumor.<\/p>\n<p>A <a target=\"_blank\" href=\"https:\/\/doi.org\/10.1038\/s41551-025-01380-1\" rel=\"nofollow noopener\">investiga\u00e7\u00e3o<\/a> liderada pela <a target=\"_blank\" href=\"https:\/\/ufhealth.org\/news\/2025\/surprising-finding-could-pave-way-for-universal-cancer-vaccine\" rel=\"nofollow noopener\">Universidade da Fl\u00f3rida<\/a> aponta para uma solu\u00e7\u00e3o universal, capaz de ativar o sistema imunit\u00e1rio de forma mais ampla e eficaz.<\/p>\n<blockquote>\n<p>O que descobrimos foi que, ao usar uma vacina concebida n\u00e3o para atacar o cancro em espec\u00edfico, mas sim para estimular uma forte resposta imunol\u00f3gica, conseguimos provocar uma rea\u00e7\u00e3o anticancer\u00edgena muito intensa.<\/p>\n<\/blockquote>\n<p>Explicou o neurocientista Duane Mitchell.<\/p>\n<p><a target=\"_blank\" href=\"https:\/\/pplware.sapo.pt\/wp-content\/uploads\/2025\/08\/ilustracao_cancro01.webp\" rel=\"nofollow noopener\"><img loading=\"lazy\" decoding=\"async\" aria-describedby=\"caption-attachment-1075939\" src=\"https:\/\/www.europesays.com\/pt\/wp-content\/uploads\/2025\/08\/ilustracao_cancro01-720x404.webp.webp\" alt=\"\" width=\"720\" height=\"404\" class=\"size-medium wp-image-1075939\"  \/><\/a><\/p>\n<p id=\"caption-attachment-1075939\" class=\"wp-caption-text\">Uma equipa de investiga\u00e7\u00e3o da Universidade da Fl\u00f3rida liderada por Elias Sayour, M.D., Ph.D., (ao centro) desenvolveu uma vacina de mRNA que aumentou os efeitos antitumorais da imunoterapia num estudo com ratos de laborat\u00f3rio (murinos).<\/p>\n<p>Como funciona a nova vacina<\/p>\n<p>A <strong>vacina utiliza mRNA<\/strong> para produzir prote\u00ednas sinalizadoras que desencadeiam uma resposta imunit\u00e1ria robusta.<\/p>\n<p>Em vez de se dirigir a um tipo de tumor em particular, o <a target=\"_blank\" href=\"https:\/\/pplware.sapo.pt\/tag\/mrna\/\" rel=\"nofollow noopener\">mRNA<\/a> gera uma esp\u00e9cie de \u201calarme\u201d que <strong>desperta c\u00e9lulas dormentes<\/strong>, tornando os tecidos cancer\u00edgenos mais vulner\u00e1veis ao ataque.<\/p>\n<p>A combina\u00e7\u00e3o com terapias j\u00e1 existentes<\/p>\n<p>O tratamento inclui ainda um segundo componente: os <a target=\"_blank\" href=\"https:\/\/pt.wikipedia.org\/wiki\/Checkpoint_imunol%C3%B3gico\" rel=\"nofollow noopener\">inibidores de checkpoints imunit\u00e1rios<\/a> (ICIs), medicamentos que retiram os \u201ctrav\u00f5es\u201d ao sistema imunit\u00e1rio.<\/p>\n<p>Embora eficazes, estes f\u00e1rmacos enfrentam limita\u00e7\u00f5es quando os tumores desenvolvem resist\u00eancia. Em ratos, a combina\u00e7\u00e3o da vacina com ICIs eliminou at\u00e9 tumores tradicionalmente resistentes.<\/p>\n<p><a target=\"_blank\" href=\"https:\/\/pplware.sapo.pt\/wp-content\/uploads\/2025\/08\/vacina_universal_contra_cancro01.webp\" rel=\"nofollow noopener\"><img loading=\"lazy\" decoding=\"async\" aria-describedby=\"caption-attachment-1076096\" src=\"https:\/\/www.europesays.com\/pt\/wp-content\/uploads\/2025\/08\/vacina_universal_contra_cancro01-720x405.webp.webp\" alt=\"\" width=\"720\" height=\"405\" class=\"wp-image-1076096 size-medium\"  \/><\/a><\/p>\n<p id=\"caption-attachment-1076096\" class=\"wp-caption-text\">A imagem mostra um esquema em seis etapas que descreve o funcionamento de uma estrat\u00e9gia de imunoterapia baseada em RNA para combater o cancro. <strong>1<\/strong>. <strong>i.v. RNA-LPA<\/strong> \u2013 Administra\u00e7\u00e3o intravenosa de nanopart\u00edculas lip\u00eddicas que transportam RNA mensageiro (mRNA). <strong>2<\/strong>. <strong>Transfected stroma<\/strong> \u2013 O RNA entra nas c\u00e9lulas do estroma (tecido de suporte), que ficam transfectadas e come\u00e7am a produzir prote\u00ednas codificadas pelo mRNA. <strong>3. Chemokine, Cytokine<\/strong> \u2013 As c\u00e9lulas transfectadas libertam quimiocinas e citocinas, mol\u00e9culas sinalizadoras que atraem e ativam c\u00e9lulas do sistema imunit\u00e1rio. <strong>4. \u201cHot\u201d TME<\/strong> \u2013 O microambiente tumoral (Tumor MicroEnvironment, TME) torna-se \u201cquente\u201d, ou seja, inflamat\u00f3rio e imunologicamente ativo. <strong>5. DC + T cell Activation\/Trafficking<\/strong> \u2013 As c\u00e9lulas dendr\u00edticas (DC) e os linf\u00f3citos T s\u00e3o ativados e direcionados para o tumor. <strong>6. Proinflammatory TME enables immunotherapy<\/strong> \u2013 O microambiente tumoral pr\u00f3-inflamat\u00f3rio permite que a imunoterapia seja eficaz, favorecendo a destrui\u00e7\u00e3o das c\u00e9lulas tumorais.<\/p>\n<p>Pr\u00f3ximos passos e desafios<\/p>\n<p>Apesar de a vacina ter demonstrado efic\u00e1cia isoladamente em alguns casos, os melhores resultados surgiram em conjunto com ICIs.<\/p>\n<p>A terapia ainda precisa de ser testada em ensaios cl\u00ednicos com humanos, mas os resultados pr\u00e9-cl\u00ednicos s\u00e3o encorajadores.<\/p>\n<blockquote>\n<p>Esta descoberta \u00e9 uma prova de conceito de que estas vacinas poder\u00e3o vir a ser comercializadas como vacinas universais contra o cancro, capazes de sensibilizar o sistema imunit\u00e1rio para o tumor individual de cada doente.<\/p>\n<\/blockquote>\n<p>Destacou o oncologista Elias Sayour.<\/p>\n<p>Uma esperan\u00e7a com cautela<\/p>\n<p>A <strong>equipa prepara j\u00e1 novas formula\u00e7\u00f5es da vacina de mRNA<\/strong> e planeia ensaios cl\u00ednicos, incluindo para prevenir recidivas do cancro.<\/p>\n<p>Ainda assim, os investigadores alertam que manipular o sistema imunit\u00e1rio envolve riscos de efeitos adversos, pelo que o caminho exigir\u00e1 prud\u00eancia.<\/p>\n<blockquote>\n<p>Poder\u00e1 ser uma forma universal de despertar a resposta imunit\u00e1ria de um doente contra o cancro.<\/p>\n<p>E isso seria extraordin\u00e1rio se se generalizasse aos estudos em humanos.<\/p>\n<\/blockquote>\n<p>Concluiu Mitchell.<\/p>\n","protected":false},"excerpt":{"rendered":"Acredita-se que, com esfor\u00e7os conjuntos, os cancros poder\u00e3o desaparecer. Nesse sentido, uma nova investiga\u00e7\u00e3o abre caminho para uma&hellip;\n","protected":false},"author":2,"featured_media":51911,"comment_status":"","ping_status":"","sticky":false,"template":"","format":"standard","meta":{"footnotes":""},"categories":[86],"tags":[1207,116,15129,32,33,117],"class_list":{"0":"post-51910","1":"post","2":"type-post","3":"status-publish","4":"format-standard","5":"has-post-thumbnail","7":"category-saude","8":"tag-cancro","9":"tag-health","10":"tag-mrna","11":"tag-portugal","12":"tag-pt","13":"tag-saude"},"share_on_mastodon":{"url":"","error":""},"_links":{"self":[{"href":"https:\/\/www.europesays.com\/pt\/wp-json\/wp\/v2\/posts\/51910","targetHints":{"allow":["GET"]}}],"collection":[{"href":"https:\/\/www.europesays.com\/pt\/wp-json\/wp\/v2\/posts"}],"about":[{"href":"https:\/\/www.europesays.com\/pt\/wp-json\/wp\/v2\/types\/post"}],"author":[{"embeddable":true,"href":"https:\/\/www.europesays.com\/pt\/wp-json\/wp\/v2\/users\/2"}],"replies":[{"embeddable":true,"href":"https:\/\/www.europesays.com\/pt\/wp-json\/wp\/v2\/comments?post=51910"}],"version-history":[{"count":0,"href":"https:\/\/www.europesays.com\/pt\/wp-json\/wp\/v2\/posts\/51910\/revisions"}],"wp:featuredmedia":[{"embeddable":true,"href":"https:\/\/www.europesays.com\/pt\/wp-json\/wp\/v2\/media\/51911"}],"wp:attachment":[{"href":"https:\/\/www.europesays.com\/pt\/wp-json\/wp\/v2\/media?parent=51910"}],"wp:term":[{"taxonomy":"category","embeddable":true,"href":"https:\/\/www.europesays.com\/pt\/wp-json\/wp\/v2\/categories?post=51910"},{"taxonomy":"post_tag","embeddable":true,"href":"https:\/\/www.europesays.com\/pt\/wp-json\/wp\/v2\/tags?post=51910"}],"curies":[{"name":"wp","href":"https:\/\/api.w.org\/{rel}","templated":true}]}}