{"id":51916,"date":"2025-08-30T20:52:06","date_gmt":"2025-08-30T20:52:06","guid":{"rendered":"https:\/\/www.europesays.com\/pt\/51916\/"},"modified":"2025-08-30T20:52:06","modified_gmt":"2025-08-30T20:52:06","slug":"ondulacao-de-verao-vestiu-se-de-inverno-e-debitou-ondas-gigantes-na-nazare","status":"publish","type":"post","link":"https:\/\/www.europesays.com\/pt\/51916\/","title":{"rendered":"Ondula\u00e7\u00e3o de Ver\u00e3o vestiu-se de Inverno e debitou ondas gigantes na Nazar\u00e9"},"content":{"rendered":"<p data-start=\"169\" data-end=\"241\">Furac\u00e3o Erin trouxe ondula\u00e7\u00e3o rara \u00e0 Praia do Norte em pleno agosto&#8230;<\/p>\n<p data-start=\"243\" data-end=\"517\">\u00a0<\/p>\n<p data-start=\"243\" data-end=\"517\">A Praia do Norte, na Nazar\u00e9, voltou a vestir o manto de inverno fora de \u00e9poca. No dia 26 de agosto de 2025, a energia remanescente do furac\u00e3o <strong data-start=\"385\" data-end=\"393\">Erin<\/strong> gerou ondas de grande dimens\u00e3o, transformando o habitual cen\u00e1rio de ver\u00e3o num verdadeiro espet\u00e1culo de for\u00e7a da natureza.<\/p>\n<p data-start=\"519\" data-end=\"791\">As imagens divulgadas pelo Munic\u00edpio da Nazar\u00e9 mostram a impon\u00eancia da ondula\u00e7\u00e3o, que surpreendeu pela altura e consist\u00eancia num m\u00eas tradicionalmente marcado por mar mais calmo. \u201cA Praia do Norte voltou a vestir a pele de inverno em pleno agosto\u201d, descreveu a autarquia.<\/p>\n<p data-start=\"793\" data-end=\"1116\">Este epis\u00f3dio confirma as previs\u00f5es que j\u00e1 apontavam para a chegada de uma ondula\u00e7\u00e3o excecional \u00e0 costa portuguesa na \u00faltima semana de agosto, com ondas que poderiam superar os 7 a 8 metros. Situa\u00e7\u00f5es deste tipo s\u00e3o extremamente raras no ver\u00e3o, mas mostram a crescente influ\u00eancia de sistemas tropicais no Atl\u00e2ntico Norte.<\/p>\n<p data-start=\"1118\" data-end=\"1394\">Ainda que n\u00e3o se tenha registado a forma\u00e7\u00e3o das habituais \u201condas gigantes que potencialmente geram recordes mundiais\u201d na Nazar\u00e9, t\u00edpicas dos meses de inverno, o dia 26 de agosto ficou marcado como um momento invulgar que despertou a aten\u00e7\u00e3o da comunidade surfista e dos curiosos que acompanharam o espet\u00e1culo natural.<\/p>\n<p data-start=\"1396\" data-end=\"1617\">A Praia do Norte, mundialmente conhecida pelas maiores ondas do planeta, refor\u00e7a assim o seu estatuto de palco \u00fanico onde mar, vento e geografia se encontram para oferecer condi\u00e7\u00f5es \u00fanicas.<\/p>\n","protected":false},"excerpt":{"rendered":"Furac\u00e3o Erin trouxe ondula\u00e7\u00e3o rara \u00e0 Praia do Norte em pleno agosto&#8230; \u00a0 A Praia do Norte, na&hellip;\n","protected":false},"author":2,"featured_media":51917,"comment_status":"","ping_status":"","sticky":false,"template":"","format":"standard","meta":{"footnotes":""},"categories":[10],"tags":[27,28,11843,15130,15,16,14,25,26,21,22,5563,12,13,19,20,32,23,24,33,17,18,29,30,31],"class_list":{"0":"post-51916","1":"post","2":"type-post","3":"status-publish","4":"format-standard","5":"has-post-thumbnail","7":"category-portugal","8":"tag-breaking-news","9":"tag-breakingnews","10":"tag-destaquehome","11":"tag-erin-ashley","12":"tag-featured-news","13":"tag-featurednews","14":"tag-headlines","15":"tag-latest-news","16":"tag-latestnews","17":"tag-main-news","18":"tag-mainnews","19":"tag-nazare","20":"tag-news","21":"tag-noticias","22":"tag-noticias-principais","23":"tag-noticiasprincipais","24":"tag-portugal","25":"tag-principais-noticias","26":"tag-principaisnoticias","27":"tag-pt","28":"tag-top-stories","29":"tag-topstories","30":"tag-ultimas","31":"tag-ultimas-noticias","32":"tag-ultimasnoticias"},"share_on_mastodon":{"url":"","error":""},"_links":{"self":[{"href":"https:\/\/www.europesays.com\/pt\/wp-json\/wp\/v2\/posts\/51916","targetHints":{"allow":["GET"]}}],"collection":[{"href":"https:\/\/www.europesays.com\/pt\/wp-json\/wp\/v2\/posts"}],"about":[{"href":"https:\/\/www.europesays.com\/pt\/wp-json\/wp\/v2\/types\/post"}],"author":[{"embeddable":true,"href":"https:\/\/www.europesays.com\/pt\/wp-json\/wp\/v2\/users\/2"}],"replies":[{"embeddable":true,"href":"https:\/\/www.europesays.com\/pt\/wp-json\/wp\/v2\/comments?post=51916"}],"version-history":[{"count":0,"href":"https:\/\/www.europesays.com\/pt\/wp-json\/wp\/v2\/posts\/51916\/revisions"}],"wp:featuredmedia":[{"embeddable":true,"href":"https:\/\/www.europesays.com\/pt\/wp-json\/wp\/v2\/media\/51917"}],"wp:attachment":[{"href":"https:\/\/www.europesays.com\/pt\/wp-json\/wp\/v2\/media?parent=51916"}],"wp:term":[{"taxonomy":"category","embeddable":true,"href":"https:\/\/www.europesays.com\/pt\/wp-json\/wp\/v2\/categories?post=51916"},{"taxonomy":"post_tag","embeddable":true,"href":"https:\/\/www.europesays.com\/pt\/wp-json\/wp\/v2\/tags?post=51916"}],"curies":[{"name":"wp","href":"https:\/\/api.w.org\/{rel}","templated":true}]}}