{"id":51958,"date":"2025-08-30T21:42:08","date_gmt":"2025-08-30T21:42:08","guid":{"rendered":"https:\/\/www.europesays.com\/pt\/51958\/"},"modified":"2025-08-30T21:42:08","modified_gmt":"2025-08-30T21:42:08","slug":"joao-noronha-lopes-apresenta-modelo-de-futebol-para-o-benfica","status":"publish","type":"post","link":"https:\/\/www.europesays.com\/pt\/51958\/","title":{"rendered":"Jo\u00e3o Noronha Lopes apresenta modelo de futebol para o Benfica"},"content":{"rendered":"<p>A candidatura de Jo\u00e3o Noronha Lopes \u00e0 presid\u00eancia do <a class=\"autolink-enabled\" data-resource-id=\"450\" data-resource-type=\"team\" data-sport=\"football\" href=\"https:\/\/www.abola.pt\/futebol\/benfica-450\" rel=\"nofollow noopener\" target=\"_blank\">Benfica<\/a> apresentou este s\u00e1bado aquele que considera ser \u00abo plano mais s\u00f3lido, inovador e exequ\u00edvel para o futuro do futebol do clube\u00bb.<\/p>\n<p>\u00abO candidato apresenta organogramas completos, com defini\u00e7\u00e3o clara de fun\u00e7\u00f5es e responsabilidades no Futebol Profissional, Futebol Feminino e Forma\u00e7\u00e3o. O modelo inclui ainda a cria\u00e7\u00e3o de um Departamento de Data Analytics, a revitaliza\u00e7\u00e3o do Scouting, a valoriza\u00e7\u00e3o da Forma\u00e7\u00e3o para vencer &#8216;e n\u00e3o para vender&#8217;, e metas para consolidar e expandir o Futebol Feminino, com uma ambi\u00e7\u00e3o refor\u00e7ada a n\u00edvel europeu\u00bb, pode ainda ler-se no documento divulgado este s\u00e1bado.<\/p>\n<p>\u00abO plano, o maior apresentado at\u00e9 hoje numas elei\u00e7\u00f5es do Benfica, inclui organograma, fun\u00e7\u00f5es e responsabilidades das principais figuras da estrutura, KPIs, Data Analytics, Scouting integrado, valoriza\u00e7\u00e3o da forma\u00e7\u00e3o e metas ambiciosas para o futebol feminino. \u00c9 a primeira candidatura a apresentar uma arquitetura de decis\u00e3o clara e profissional para todo o futebol do Clube. Tamb\u00e9m foi a primeira e \u00fanica candidatura, at\u00e9 ao momento, a apresentar os nomes que v\u00e3o colocar este modelo em pr\u00e1tica: o Vice-Presidente Nuno Gomes e Diretor T\u00e9cnico V\u00edtor Paneira. Em breve, apresentaremos, igualmente, o Diretor-Geral\u00bb, avan\u00e7a a candidatura.<\/p>\n<p><strong>Principais destaques do modelo:<\/strong><\/p>\n<p>\t\u2022\tOrganogramas transparentes para todas as \u00e1reas do futebol, com pap\u00e9is claros para Diretor-Geral, Diretor Desportivo, Diretor T\u00e9cnico, Diretor do Futebol Feminino e \tDiretor do Benfica Campus.<\/p>\n<p>\t\u2022\tData Analytics ao servi\u00e7o do futebol: decis\u00f5es mais informadas sobre mercado, rendimento desportivo e preven\u00e7\u00e3o de risco.<\/p>\n<p>\t\u2022\tScouting integrado com Analytics: contratar menos mas acertar mais, alinhado com as melhores pr\u00e1ticas mundiais.<\/p>\n<p>\t\u2022\tFormar para vencer: prioridade real aos jogadores da academia, posi\u00e7\u00f5es reservadas no plantel, planos individuais de desenvolvimento e novo modelo de contratos e reten\u00e7\u00e3o de talento, com um investimento sem precedentes nestes atletas.<\/p>\n<p>\t\u2022\tFutebol Feminino com metas de proje\u00e7\u00e3o europeia: scouting pr\u00f3prio, refor\u00e7o da forma\u00e7\u00e3o, equipara\u00e7\u00e3o de direitos e mais jogos da equipa principal no Est\u00e1dio da Luz.<\/p>\n<p>\t\u2022\tM\u00edstica e Identidade: exig\u00eancia, compromisso e responsabilidade transmitidos a cada novo jogador e treinadores escolhidos de acordo com o ADN Benfica.<\/p>\n<p>&#8212;<\/p>\n<p><strong>O que distingue esta proposta:<\/strong><\/p>\n<p>\t\u2022\t\u00c9 a proposta mais detalhada apresentada por uma candidatura para o futebol, nas elei\u00e7\u00f5es do Benfica.<\/p>\n<p>\t\u2022\tO plano integra profissionalismo, defini\u00e7\u00e3o clara de fun\u00e7\u00f5es, inova\u00e7\u00e3o tecnol\u00f3gica e um grande foco na identidade.<\/p>\n<p>\t\u2022\tGarante coes\u00e3o total entre mercado, forma\u00e7\u00e3o e futebol profissional.<\/p>\n<p>\t\u2022      \tPrivilegia a aposta na Forma\u00e7\u00e3o, em linha com o an\u00fancio j\u00e1 feito pelo candidato de um investimento sem precedentes nestes atletas.<\/p>\n<p>\t\u2022\tGarante ao Futebol Feminino um refor\u00e7o estrutural e nova ambi\u00e7\u00e3o internacional.<\/p>\n<p>&#8212;<\/p>\n<p>Trata-se da primeira candidatura a apresentar um plano detalhado para o futebol do Benfica.<\/p>\n<p>Um Modelo para o Futebol que coloca, novamente, o Benfica Acima de Tudo. <\/p>\n<p>Por um Benfica mais transparente, mais pr\u00f3ximo dos S\u00f3cios, mais ganhador. <\/p>\n<p>Por um Clube que coloca os S\u00f3cios no centro de uma nova vis\u00e3o. <\/p>\n<p>Sempre pelo Benfica. Por um Benfica Acima de Tudo.<\/p>\n<p>Jo\u00e3o Noronha Lopes considera que \u00abo Benfica n\u00e3o pode continuar a viver de improvisos\u00bb. \u00abEste \u00e9 um modelo verdadeiramente moderno, objetivo e benfiquista, que coloca o clube novamente no caminho das vit\u00f3rias. Precisamos de saber quem somos, onde queremos chegar e como pretendemos l\u00e1 chegar. Isso come\u00e7a com um plano que define quem decide, com que crit\u00e9rios e que fatores devem ser considerados. Contratar menos e acertar mais, valorizar como nunca a nossa forma\u00e7\u00e3o, e elevar o futebol feminino \u00e0 sua verdadeira dimens\u00e3o s\u00e3o prioridades que guiar\u00e3o o futuro do nosso futebol\u00bb, explicou.<\/p>\n","protected":false},"excerpt":{"rendered":"A candidatura de Jo\u00e3o Noronha Lopes \u00e0 presid\u00eancia do Benfica apresentou este s\u00e1bado aquele que considera ser \u00abo&hellip;\n","protected":false},"author":2,"featured_media":51959,"comment_status":"","ping_status":"","sticky":false,"template":"","format":"standard","meta":{"footnotes":""},"categories":[87],"tags":[135,32,33,134],"class_list":{"0":"post-51958","1":"post","2":"type-post","3":"status-publish","4":"format-standard","5":"has-post-thumbnail","7":"category-desporto","8":"tag-desporto","9":"tag-portugal","10":"tag-pt","11":"tag-sports"},"share_on_mastodon":{"url":"","error":""},"_links":{"self":[{"href":"https:\/\/www.europesays.com\/pt\/wp-json\/wp\/v2\/posts\/51958","targetHints":{"allow":["GET"]}}],"collection":[{"href":"https:\/\/www.europesays.com\/pt\/wp-json\/wp\/v2\/posts"}],"about":[{"href":"https:\/\/www.europesays.com\/pt\/wp-json\/wp\/v2\/types\/post"}],"author":[{"embeddable":true,"href":"https:\/\/www.europesays.com\/pt\/wp-json\/wp\/v2\/users\/2"}],"replies":[{"embeddable":true,"href":"https:\/\/www.europesays.com\/pt\/wp-json\/wp\/v2\/comments?post=51958"}],"version-history":[{"count":0,"href":"https:\/\/www.europesays.com\/pt\/wp-json\/wp\/v2\/posts\/51958\/revisions"}],"wp:featuredmedia":[{"embeddable":true,"href":"https:\/\/www.europesays.com\/pt\/wp-json\/wp\/v2\/media\/51959"}],"wp:attachment":[{"href":"https:\/\/www.europesays.com\/pt\/wp-json\/wp\/v2\/media?parent=51958"}],"wp:term":[{"taxonomy":"category","embeddable":true,"href":"https:\/\/www.europesays.com\/pt\/wp-json\/wp\/v2\/categories?post=51958"},{"taxonomy":"post_tag","embeddable":true,"href":"https:\/\/www.europesays.com\/pt\/wp-json\/wp\/v2\/tags?post=51958"}],"curies":[{"name":"wp","href":"https:\/\/api.w.org\/{rel}","templated":true}]}}