{"id":51960,"date":"2025-08-30T21:43:07","date_gmt":"2025-08-30T21:43:07","guid":{"rendered":"https:\/\/www.europesays.com\/pt\/51960\/"},"modified":"2025-08-30T21:43:07","modified_gmt":"2025-08-30T21:43:07","slug":"macae-prepara-ofensiva-contra-o-mosquito-da-dengue-macae","status":"publish","type":"post","link":"https:\/\/www.europesays.com\/pt\/51960\/","title":{"rendered":"Maca\u00e9 prepara ofensiva contra o mosquito da dengue | Maca\u00e9"},"content":{"rendered":"<p>                                        Equipes v\u00e3o percorrer bairros e regi\u00e3o serrana para refor\u00e7ar combate ao mosquito transmissor de dengue, zika e chikungunya &#8211; Foto: Ilustra\u00e7\u00e3o<\/p>\n<p class=\"content-media__description\">Equipes v\u00e3o percorrer bairros e regi\u00e3o serrana para refor\u00e7ar combate ao mosquito transmissor de dengue, zika e chikungunyaFoto: Ilustra\u00e7\u00e3o<\/p>\n<p>                            Publicado 30\/08\/2025 18:23\n                    <\/p>\n<p><strong>Maca\u00e9 &#8211;\u00a0<\/strong>Na pr\u00f3xima semana, Maca\u00e9 vai entrar em campo contra o Aedes aegypti. A Secretaria de Sa\u00fade, por meio da Coordenadoria de Vigil\u00e2ncia Ambiental (Cevas), inicia na segunda-feira (1\u00ba) o Levantamento R\u00e1pido de \u00cdndices (LIRAa), ferramenta que permite identificar os bairros mais cr\u00edticos na presen\u00e7a do mosquito. O trabalho vai at\u00e9 sexta-feira (5) e ser\u00e1 realizado em 15 estratos que incluem tanto a \u00e1rea urbana quanto a regi\u00e3o serrana.<\/p>\n<p>O resultado do levantamento \u00e9 fundamental para planejar a\u00e7\u00f5es espec\u00edficas de combate, especialmente neste per\u00edodo que antecede o ver\u00e3o, quando a prolifera\u00e7\u00e3o do Aedes costuma aumentar e elevar os casos de dengue, zika e chikungunya.<\/p>\n<p>Al\u00e9m do monitoramento do mosquito, a prefeitura tamb\u00e9m dar\u00e1 in\u00edcio ao controle de roedores. A for\u00e7a-tarefa vai percorrer a Ajuda na segunda-feira (1\u00ba); Sol &amp; Mar e Riviera na ter\u00e7a (2); Aroeira na quarta (3); Visconde e Campo d\u2019Oeste na quinta (4); encerrando a semana em \u00f3rg\u00e3os p\u00fablicos na sexta (5).<\/p>\n<p>A popula\u00e7\u00e3o pode ajudar denunciando poss\u00edveis focos e solicitando vistorias. O contato pode ser feito na sede da Cevas, na Rua Vereador Manoel Braga, 425, no Centro; pelo e-mail cevas@macae.rj.gov.br<br \/>; pelo Disque Dengue, no 0800-022-6461, com liga\u00e7\u00e3o gratuita; ou ainda pelo Instagram @vigilanciaambientalmacae.<\/p>\n","protected":false},"excerpt":{"rendered":"Equipes v\u00e3o percorrer bairros e regi\u00e3o serrana para refor\u00e7ar combate ao mosquito transmissor de dengue, zika e chikungunya&hellip;\n","protected":false},"author":2,"featured_media":51961,"comment_status":"","ping_status":"","sticky":false,"template":"","format":"standard","meta":{"footnotes":""},"categories":[86],"tags":[15151,1891,116,15150,32,33,117],"class_list":{"0":"post-51960","1":"post","2":"type-post","3":"status-publish","4":"format-standard","5":"has-post-thumbnail","7":"category-saude","8":"tag-aedesaegypti","9":"tag-dengue","10":"tag-health","11":"tag-macae","12":"tag-portugal","13":"tag-pt","14":"tag-saude"},"share_on_mastodon":{"url":"","error":""},"_links":{"self":[{"href":"https:\/\/www.europesays.com\/pt\/wp-json\/wp\/v2\/posts\/51960","targetHints":{"allow":["GET"]}}],"collection":[{"href":"https:\/\/www.europesays.com\/pt\/wp-json\/wp\/v2\/posts"}],"about":[{"href":"https:\/\/www.europesays.com\/pt\/wp-json\/wp\/v2\/types\/post"}],"author":[{"embeddable":true,"href":"https:\/\/www.europesays.com\/pt\/wp-json\/wp\/v2\/users\/2"}],"replies":[{"embeddable":true,"href":"https:\/\/www.europesays.com\/pt\/wp-json\/wp\/v2\/comments?post=51960"}],"version-history":[{"count":0,"href":"https:\/\/www.europesays.com\/pt\/wp-json\/wp\/v2\/posts\/51960\/revisions"}],"wp:featuredmedia":[{"embeddable":true,"href":"https:\/\/www.europesays.com\/pt\/wp-json\/wp\/v2\/media\/51961"}],"wp:attachment":[{"href":"https:\/\/www.europesays.com\/pt\/wp-json\/wp\/v2\/media?parent=51960"}],"wp:term":[{"taxonomy":"category","embeddable":true,"href":"https:\/\/www.europesays.com\/pt\/wp-json\/wp\/v2\/categories?post=51960"},{"taxonomy":"post_tag","embeddable":true,"href":"https:\/\/www.europesays.com\/pt\/wp-json\/wp\/v2\/tags?post=51960"}],"curies":[{"name":"wp","href":"https:\/\/api.w.org\/{rel}","templated":true}]}}