{"id":51974,"date":"2025-08-30T21:53:12","date_gmt":"2025-08-30T21:53:12","guid":{"rendered":"https:\/\/www.europesays.com\/pt\/51974\/"},"modified":"2025-08-30T21:53:12","modified_gmt":"2025-08-30T21:53:12","slug":"quarto-de-odete-roitman-em-hotel-custa-r-38-mil","status":"publish","type":"post","link":"https:\/\/www.europesays.com\/pt\/51974\/","title":{"rendered":"quarto de Odete Roitman em hotel custa R$ 38 mil"},"content":{"rendered":"<p>\n                        Personagem de D\u00e9bora Bloch se hospedou no Copacabana Palace\n                    <\/p>\n<ul class=\"article__header__author\">\n<li class=\"article__header__author__item\">\n                                                                                    <img loading=\"lazy\" decoding=\"async\" src=\"https:\/\/www.europesays.com\/pt\/wp-content\/uploads\/2025\/08\/1755897192_926_microsoftteams-image-(23)-1jy7orqt0u4hi.png\" width=\"32\" height=\"32\" title=\"Reda\u00e7\u00e3o Terra\" alt=\"Reda\u00e7\u00e3o Terra\" class=\"author-picture\"\/><br \/>\n                                                                            Reda\u00e7\u00e3o Terra\n                    <\/li>\n<\/ul>\n<p>\n                                                                                                                                                                                                                            30 ago<br \/>\n                                    2025<br \/>\n                                     &#8211; 15h14\n                                <\/p>\n<p>\n                                                                                                            (atualizado \u00e0s 16h35)\n                                                                    <\/p>\n<p><img loading=\"lazy\" decoding=\"async\" alt=\"Veja detalhes do quarto de Odete Roitman no Copacabana Palace\" class=\"img-75e73c3ca733b72194706415a2b852e7l4xf54iq\" height=\"435\" src=\"https:\/\/www.europesays.com\/pt\/wp-content\/uploads\/2025\/08\/odete-roitman-quarto-copacabana-palace-1jeaenp95i915.png\"  title=\"Veja detalhes do quarto de Odete Roitman no Copacabana Palace\" width=\"774\"\/><\/p>\n<p>Veja detalhes do quarto de Odete Roitman no Copacabana Palace<\/p>\n<p>Foto: F\u00e1bio Rocha\/Globo | Divulga\u00e7\u00e3o\/Copacabana Palace<\/p>\n<p class=\"text\">A milion\u00e1ria Odete Roitman, interpretada por <a href=\"https:\/\/www.terra.com.br\/diversao\/gente\/apartamento-de-debora-bloch-tem-sala-quiet-luxury-onde-ela-decora-falas-de-odete-roitman,a01c90cb6cf745e18e6926a155d93171cd5u7j1z.html#google_vignette\" rel=\"nofollow noopener\" target=\"_blank\">D\u00e9bora Bloch<\/a> no remake de\u00a0Vale Tudo, escolheu um quarto luxuoso para se hospedar. A su\u00edte elegante do hotel fica no Copacabana Palace, e qualquer pessoa com mais de R$ 38 mil sobrando pode se hospedar.<\/p>\n<blockquote>\n<\/blockquote>\n<p class=\"text\">Segundo o site do Copacabana Palace, o quarto oferece uma &#8220;experi\u00eancia exclusiva&#8221;, incluindo caf\u00e9 da manh\u00e3, transfers, servi\u00e7o de atendimento &#8220;dedicado&#8221; e lavanderia, al\u00e9m de servi\u00e7os de bar e caf\u00e9.<\/p>\n<p class=\"text\">O quarto tem uma cama tamanho king size, com vista para o mar. O tamanho fica entre\u00a0117 e 119m\u00b2<\/p>\n<p class=\"text\">Tudo isso pelo pre\u00e7o de\u00a0R$ 38.377 a di\u00e1ria.<\/p>\n<p>Confira fotos do quarto de Odete Roitman no Copacabana Palace:<\/p>\n<ul class=\"t360-gallery__container__main--carousel--slider\" data-count=\"1\">\n<li class=\"t360-gallery__container__main--carousel--slider--item\" data-id=\"75e73c3ca733b72194706415a2b852e7l4xf54iq\">\n<p>\n                            Veja detalhes do quarto de Odete Roitman no Copacabana Palace\n                        <\/p>\n<p>Foto: F\u00e1bio Rocha\/Globo | Divulga\u00e7\u00e3o\/Copacabana Palace<\/p>\n<\/li>\n<li class=\"t360-gallery__container__main--carousel--slider--item\" data-id=\"105e4f095b73ec17e5fda41e65793321kg8jumdw\">\n<p>\n                            Quarto de Odete Roitman no Copacabana Palace\n                        <\/p>\n<p>Foto: Divulga\u00e7\u00e3o\/Copacabana Palace<\/p>\n<\/li>\n<li class=\"t360-gallery__container__main--carousel--slider--item\" data-id=\"22022fdc83268cdb26934273a88656c7o2c3bx80\">\n<p>\n                            Quarto de Odete Roitman no Copacabana Palace\n                        <\/p>\n<p>Foto: Divulga\u00e7\u00e3o\/Copacabana Palace<\/p>\n<\/li>\n<li class=\"t360-gallery__container__main--carousel--slider--item\" data-id=\"62f7e6b222e11d2f043474845c7689ec70akok66\">\n<p>\n                            Quarto de Odete Roitman no Copacabana Palace\n                        <\/p>\n<p>Foto: Divulga\u00e7\u00e3o\/Copacabana Palace<\/p>\n<\/li>\n<li class=\"t360-gallery__container__main--carousel--slider--item\" data-id=\"3fdc81690d51461a36768cb450ad41a81h6zvxg5\">\n<p>\n                            Quarto de Odete Roitman no Copacabana Palace\n                        <\/p>\n<p>Foto: Divulga\u00e7\u00e3o\/Copacabana Palace<\/p>\n<\/li>\n<\/ul>\n","protected":false},"excerpt":{"rendered":"Personagem de D\u00e9bora Bloch se hospedou no Copacabana Palace Reda\u00e7\u00e3o Terra 30 ago 2025 &#8211; 15h14 (atualizado \u00e0s&hellip;\n","protected":false},"author":2,"featured_media":51975,"comment_status":"","ping_status":"","sticky":false,"template":"","format":"standard","meta":{"footnotes":""},"categories":[142],"tags":[114,115,32,33,151],"class_list":{"0":"post-51974","1":"post","2":"type-post","3":"status-publish","4":"format-standard","5":"has-post-thumbnail","7":"category-tv","8":"tag-entertainment","9":"tag-entretenimento","10":"tag-portugal","11":"tag-pt","12":"tag-tv"},"share_on_mastodon":{"url":"","error":""},"_links":{"self":[{"href":"https:\/\/www.europesays.com\/pt\/wp-json\/wp\/v2\/posts\/51974","targetHints":{"allow":["GET"]}}],"collection":[{"href":"https:\/\/www.europesays.com\/pt\/wp-json\/wp\/v2\/posts"}],"about":[{"href":"https:\/\/www.europesays.com\/pt\/wp-json\/wp\/v2\/types\/post"}],"author":[{"embeddable":true,"href":"https:\/\/www.europesays.com\/pt\/wp-json\/wp\/v2\/users\/2"}],"replies":[{"embeddable":true,"href":"https:\/\/www.europesays.com\/pt\/wp-json\/wp\/v2\/comments?post=51974"}],"version-history":[{"count":0,"href":"https:\/\/www.europesays.com\/pt\/wp-json\/wp\/v2\/posts\/51974\/revisions"}],"wp:featuredmedia":[{"embeddable":true,"href":"https:\/\/www.europesays.com\/pt\/wp-json\/wp\/v2\/media\/51975"}],"wp:attachment":[{"href":"https:\/\/www.europesays.com\/pt\/wp-json\/wp\/v2\/media?parent=51974"}],"wp:term":[{"taxonomy":"category","embeddable":true,"href":"https:\/\/www.europesays.com\/pt\/wp-json\/wp\/v2\/categories?post=51974"},{"taxonomy":"post_tag","embeddable":true,"href":"https:\/\/www.europesays.com\/pt\/wp-json\/wp\/v2\/tags?post=51974"}],"curies":[{"name":"wp","href":"https:\/\/api.w.org\/{rel}","templated":true}]}}