{"id":51988,"date":"2025-08-30T22:03:08","date_gmt":"2025-08-30T22:03:08","guid":{"rendered":"https:\/\/www.europesays.com\/pt\/51988\/"},"modified":"2025-08-30T22:03:08","modified_gmt":"2025-08-30T22:03:08","slug":"farioli-iluminou-arco-triunfal-de-william-gomes-fc-porto-vence-sporting-em-alvalade-e-e-lider-da-liga-tsf-radio-noticias","status":"publish","type":"post","link":"https:\/\/www.europesays.com\/pt\/51988\/","title":{"rendered":"Farioli iluminou arco triunfal de William Gomes. FC Porto vence Sporting em Alvalade e \u00e9 l\u00edder da Liga &#8211; TSF R\u00e1dio Not\u00edcias"},"content":{"rendered":"<ol>\n<li><a href=\"https:\/\/news.google.com\/rss\/articles\/CBMingFBVV95cUxOQm05WjJnb2lsaVcxeFgxWTBXNXJSeHlyZTJyaWhQQjFSbFpibGczOFIzUjRFR0t5T3BaeU5oZ2ZaWUJIcXQ3Z2RkQTJHeEZIU1ZtcGhKRVFTV3ZteUFNVHdBUUhnTzFlNE9tcHJmYzVHbkZiUkdLdXhQRzBZa3U1M0x2RkpiSUNVcUtIOGdGMlVtYmJscDd4ZjVVTzVxQQ?oc=5\" target=\"_blank\" rel=\"nofollow noopener\">Farioli iluminou arco triunfal de William Gomes. FC Porto vence Sporting em Alvalade e \u00e9 l\u00edder da Liga<\/a>&nbsp;&nbsp;TSF R\u00e1dio Not\u00edcias<\/li>\n<li><a href=\"https:\/\/news.google.com\/rss\/articles\/CBMijwFBVV95cUxPRkZnYzRLeHVTalpQWU45a0VNdHNFUVhPeEluRHpIV1pfdkFtN0E0UXpsQlVtT0hiV2pJUDRYOUxvQ185Y1plaC1icmdZdzV2VGVvMVJfNWd1THZXNldpbk5DZ2dkZ19JMEhmTDBSeDdwa05XNVlrbi1Oa0c4aVJJTjVDTy1Nckw5Vmx4MnRscw?oc=5\" target=\"_blank\" rel=\"nofollow noopener\">Sporting x Porto: onde assistir, hor\u00e1rio e escala\u00e7\u00f5es<\/a>&nbsp;&nbsp;VEJA<\/li>\n<li><a href=\"https:\/\/news.google.com\/rss\/articles\/CBMi7AFBVV95cUxQNEFrTlNZVFI1UnhiMG5tcHZkSXIwRUdlYzFUeFVoS0Nuc1Y5UmV0Tklaam5OREtTTXpiUFJ6RkItQnkxS2RLTi1GQmFLamdodzBrZ00tVWE1RlNkVWRWaWVGLTVaMnNIeG8wcTBpQnZCMGV3a1Jad2JqVHh5bm1FTW91d3IzbEVuNHBXNHBiZG1valJwTVdTT25tQl9qemhHMldmSnVFdWZYZWpCTlQybkh4RGRtSjJlajhaRHpxSk1TRzI4VVROY2VZM0Z3ZHBacHVRYS1oRHRYYlhMWVkta0FxeG9SRGY0bVBqbQ?oc=5\" target=\"_blank\" rel=\"nofollow noopener\">Sporting x Porto: onde assistir, escala\u00e7\u00f5es e arbitragem<\/a>&nbsp;&nbsp;Terra<\/li>\n<li><a href=\"https:\/\/news.google.com\/rss\/articles\/CBMigAFBVV95cUxQRjRnQmNHbjdTbmZfMGR4R04xQVVvWlRacExZX0JGcVJfMDdPVklSOTUwWFcwNUM3RkFxRjc5R2pyNk1lRTNSWURad0dIVDc3UjYybGRYdERlb25ZcFVzcklZaWFidnpZc1R2M1dfSkk1Z3cyWG9ZR2RDcWR2VHpwbQ?oc=5\" target=\"_blank\" rel=\"nofollow noopener\">Sporting x Porto Palpites &#8211; Onde Assistir ao Jogo, Hor\u00e1rio e Escala\u00e7\u00f5es 30\/08<\/a>&nbsp;&nbsp;Portal Uai<\/li>\n<li><a href=\"https:\/\/news.google.com\/rss\/articles\/CBMiigFBVV95cUxQcWZfVkk1M1h5M1hXV1d2NUxRZ2NSbkpsZWhWWjBLRnRjd0g2YUt1T2hyTnZpaElTUjVJSC1IV1BWUTBoVE5KZ3pKaWxYa0kwN1laVGlhNFJRVjFyb0V6eWpoUFBEbDM2RVZyTlN0MmN1QUg4TE1Xbkp2RjBTNk80U05WWTI5Rjh0YVE?oc=5\" target=\"_blank\" rel=\"nofollow noopener\">Sporting x Porto Palpite \u2013 Onde Assistir, Hora e Escala\u00e7\u00f5es 30-08<\/a>&nbsp;&nbsp;OneFootball<\/li>\n<\/ol>\n","protected":false},"excerpt":{"rendered":"Farioli iluminou arco triunfal de William Gomes. FC Porto vence Sporting em Alvalade e \u00e9 l\u00edder da Liga&nbsp;&nbsp;TSF&hellip;\n","protected":false},"author":2,"featured_media":51989,"comment_status":"","ping_status":"","sticky":false,"template":"","format":"standard","meta":{"footnotes":""},"categories":[8],"tags":[27,28,15,16,14,25,26,21,22,12,13,19,20,32,23,24,33,17,18,29,30,31],"class_list":{"0":"post-51988","1":"post","2":"type-post","3":"status-publish","4":"format-standard","5":"has-post-thumbnail","7":"category-principais-noticias","8":"tag-breaking-news","9":"tag-breakingnews","10":"tag-featured-news","11":"tag-featurednews","12":"tag-headlines","13":"tag-latest-news","14":"tag-latestnews","15":"tag-main-news","16":"tag-mainnews","17":"tag-news","18":"tag-noticias","19":"tag-noticias-principais","20":"tag-noticiasprincipais","21":"tag-portugal","22":"tag-principais-noticias","23":"tag-principaisnoticias","24":"tag-pt","25":"tag-top-stories","26":"tag-topstories","27":"tag-ultimas","28":"tag-ultimas-noticias","29":"tag-ultimasnoticias"},"share_on_mastodon":{"url":"","error":""},"_links":{"self":[{"href":"https:\/\/www.europesays.com\/pt\/wp-json\/wp\/v2\/posts\/51988","targetHints":{"allow":["GET"]}}],"collection":[{"href":"https:\/\/www.europesays.com\/pt\/wp-json\/wp\/v2\/posts"}],"about":[{"href":"https:\/\/www.europesays.com\/pt\/wp-json\/wp\/v2\/types\/post"}],"author":[{"embeddable":true,"href":"https:\/\/www.europesays.com\/pt\/wp-json\/wp\/v2\/users\/2"}],"replies":[{"embeddable":true,"href":"https:\/\/www.europesays.com\/pt\/wp-json\/wp\/v2\/comments?post=51988"}],"version-history":[{"count":0,"href":"https:\/\/www.europesays.com\/pt\/wp-json\/wp\/v2\/posts\/51988\/revisions"}],"wp:featuredmedia":[{"embeddable":true,"href":"https:\/\/www.europesays.com\/pt\/wp-json\/wp\/v2\/media\/51989"}],"wp:attachment":[{"href":"https:\/\/www.europesays.com\/pt\/wp-json\/wp\/v2\/media?parent=51988"}],"wp:term":[{"taxonomy":"category","embeddable":true,"href":"https:\/\/www.europesays.com\/pt\/wp-json\/wp\/v2\/categories?post=51988"},{"taxonomy":"post_tag","embeddable":true,"href":"https:\/\/www.europesays.com\/pt\/wp-json\/wp\/v2\/tags?post=51988"}],"curies":[{"name":"wp","href":"https:\/\/api.w.org\/{rel}","templated":true}]}}