{"id":51994,"date":"2025-08-30T22:07:08","date_gmt":"2025-08-30T22:07:08","guid":{"rendered":"https:\/\/www.europesays.com\/pt\/51994\/"},"modified":"2025-08-30T22:07:08","modified_gmt":"2025-08-30T22:07:08","slug":"confidencia-no-ultima-hora-mae-de-viriato-expoe-conversa-secreta-entre-sergio-duarte-e-mae-de-afonso-leitao-tvi","status":"publish","type":"post","link":"https:\/\/www.europesays.com\/pt\/51994\/","title":{"rendered":"Confid\u00eancia no \u00daltima Hora: M\u00e3e de Viriato exp\u00f5e conversa secreta entre S\u00e9rgio Duarte e m\u00e3e de Afonso Leit\u00e3o &#8211; TVI"},"content":{"rendered":"<ol>\n<li><a href=\"https:\/\/news.google.com\/rss\/articles\/CBMi_gFBVV95cUxQSmhmeFBpOVRIeEFHZWNmdUtWR2lrZVdMQ1FFdTlRR0I0R25GNUtPand5NEg4UUozWVdsOVNjYk5SZldPYV9STk5BYXJNMFVDNmt6T0lxLVdUcTBZRTBXMjBHTlhyak1YMlhUVHFWVlF4dV9qRFRDNEtMTkROTjZFaW10YldjTjg5bGdVbmhvMkFQSkNwcE5NV0xNREgwZDB6Y1ExR0d5M1J3WkdhbWZSeHJKM3Zud2FKTUUyNGJER3FOSkxBUmhxTG1ZVGlWSUxXMER2Y0NwcDlmYWNVejRuVF9TdWhRR3RpaDgzZGc2dVFJSlk0VU1uaXlwQVJMQQ?oc=5\" target=\"_blank\" rel=\"nofollow noopener\">Confid\u00eancia no \u00daltima Hora: M\u00e3e de Viriato exp\u00f5e conversa secreta entre S\u00e9rgio Duarte e m\u00e3e de Afonso Leit\u00e3o<\/a>&nbsp;&nbsp;TVI<\/li>\n<li><a href=\"https:\/\/news.google.com\/rss\/articles\/CBMixgFBVV95cUxNYjF4RXJrWDdJMHh2S0xpUEkya3BnSHREbENZMW1oSlVuSldzT28wM2RZM1N3eG8zNl9PRjh5OEl4U0hqb0tyTXM3aG9yek5OR0FZTC1HelBtNWZmeUpNRXd5bmNqQ1Q5Y0JNdTBma0trMHNtZ3UxSVcxeENiTEtrNGRJT3ZYS1RJSm1CSThiMTM5VUNfMGdOd1lrTHFTUDFfQ2lnUl9Wc2h4OWF1b2NEbVZ5QnB5M3VFeGlJUGNJZnpwUmNQQWfSAeQCQVVfeXFMTnNEaVMxLWdudzlBekR5X1lfd0F3aUpDYWx2ZnpJSWY0MmhJZGs1ZWtNMk9RNWJIc3lRbEUxUGtwSFJUTHlMQXh0ZTlPZUk4bnVEeEFhTFR0aUY1V1FRZEN3c2dmT25sOWV5Y1ZPWGRjS1h6aFhlcWF6SlFVVHJSTDVXWXNGRDQtNjFuelNQRjBCcEhkVEFOUEFXSmliQjVOUW9tZ1hxM3N3WUZqZzRTYnlzaGlQS1RpRXA0aXJidWdGWGctYW9zUUdSU0lpMGtTcktEMUVsMVgzUHNLU0dYQVJmQ3dvR05BNXB0M2FucHUtVThBb2xnWG5jN0Z0SW1odnRQc3pkM2d3eGRtTUlLNVY5X29qTTdaWXQ1MDE4QzVkWDRVRHRHWXY2UlgwQUVYVkJyTUVUZktlQVg1MThaZnJWREdFQVM0V0pqVE91NEVyMHFLZXRfcHM1LWN4OUY2MTBpbUQ?oc=5\" target=\"_blank\" rel=\"nofollow noopener\">Hilariante! Catarina Miranda tem ataque de riso ap\u00f3s cair junto \u00e0 piscina do \u2018Big Brother\u2019<\/a>&nbsp;&nbsp;A Televis\u00e3o<\/li>\n<li><a href=\"https:\/\/news.google.com\/rss\/articles\/CBMivAFBVV95cUxNYjB6TjY0QzVFeUdYNUNtLWtwOVVVQW1FSlVEV0hvT0wxSFJ0WUJtdkFBTmFpY042dEJ4c2lWWGZpU3VwMmlsUFl4bHhFX1ZNMHIzMGtaV0ZQZDZscEltRW5KYTgwa2Nnb2JFanE1LVFVVXdzWVFxODg0REtOVE4tcjZiRXhheHZCd3IyakdsN3lidTFGcWdaZjFzYTR0WDd1TjdHNlRxTmF4bW9ReElzeGJkb2ZhUkZMT1hmdA?oc=5\" target=\"_blank\" rel=\"nofollow noopener\">Mais fr\u00e1gil do que nunca: Ana Duarte perdida em l\u00e1grimas no jardim<\/a>&nbsp;&nbsp;Not\u00edcias de hoje &#8211; IOL<\/li>\n<li><a href=\"https:\/\/news.google.com\/rss\/articles\/CBMi0AFBVV95cUxPTTZxVjgxWl84ZE0zQ3h0aHNRbTVocmVlMkEzSTVPTUd1bkhBWUxXcm9abzZWTUdPdEczMFA5clgxR19ONmFla281ZW1RTEtnMm83eHNWeHg5bTZ2R3hWVWVOT0E1a3dGdm1NLUdmZmpTYURCQ2dFZ3JhbmIzdlJnTXVjZUc5dmxFZXUzY25POGFNRVdVOFVFQndIakdFNFowbFBVdGVQMGN1QVg0NGtCR1AzaXZiUllrQkEzRmRIcFRDUW5VMmdNbXNCalBvNXJK?oc=5\" target=\"_blank\" rel=\"nofollow noopener\">\u00abEh p\u00e1! Que se passou?\u00bb A entrada de Lage e o \u00aboutro evento\u00bb que \u00e9 o Sporting-FC Porto<\/a>&nbsp;&nbsp;Not\u00edcias de hoje &#8211; IOL<\/li>\n<li><a href=\"https:\/\/news.google.com\/rss\/articles\/CBMiuwFBVV95cUxNdWNlcTlqaG1sM0FoRUJvNjIwZ1F4bmxjVHJxT3VIMF91RWJwakxMRFlObTZKZDZSQ3NpOHA5ZkN6SGNDdHNaWXJZOVo4dXZEejU0S2ZXVHpySVhBam82azM3bEl0OG1HV1FXZVFwbVZJSlhsdDlqTmpMcFRRRkliSjREWnF5X2o3UEJrSDFGMU1XeVNXcUZZMnV1NUFfRGh2MklHRzZ6Q3U4V1BuMHhMa3ZsUm1kbWpLWXNZ?oc=5\" target=\"_blank\" rel=\"nofollow noopener\">Maria Botelho Moniz est\u00e1 na casa! Veja o que levou consigo<\/a>&nbsp;&nbsp;TVI<\/li>\n<\/ol>\n","protected":false},"excerpt":{"rendered":"Confid\u00eancia no \u00daltima Hora: M\u00e3e de Viriato exp\u00f5e conversa secreta entre S\u00e9rgio Duarte e m\u00e3e de Afonso Leit\u00e3o&nbsp;&nbsp;TVI&hellip;\n","protected":false},"author":2,"featured_media":51971,"comment_status":"","ping_status":"","sticky":false,"template":"","format":"standard","meta":{"footnotes":""},"categories":[142],"tags":[114,115,32,33,151],"class_list":{"0":"post-51994","1":"post","2":"type-post","3":"status-publish","4":"format-standard","5":"has-post-thumbnail","7":"category-tv","8":"tag-entertainment","9":"tag-entretenimento","10":"tag-portugal","11":"tag-pt","12":"tag-tv"},"share_on_mastodon":{"url":"","error":""},"_links":{"self":[{"href":"https:\/\/www.europesays.com\/pt\/wp-json\/wp\/v2\/posts\/51994","targetHints":{"allow":["GET"]}}],"collection":[{"href":"https:\/\/www.europesays.com\/pt\/wp-json\/wp\/v2\/posts"}],"about":[{"href":"https:\/\/www.europesays.com\/pt\/wp-json\/wp\/v2\/types\/post"}],"author":[{"embeddable":true,"href":"https:\/\/www.europesays.com\/pt\/wp-json\/wp\/v2\/users\/2"}],"replies":[{"embeddable":true,"href":"https:\/\/www.europesays.com\/pt\/wp-json\/wp\/v2\/comments?post=51994"}],"version-history":[{"count":0,"href":"https:\/\/www.europesays.com\/pt\/wp-json\/wp\/v2\/posts\/51994\/revisions"}],"wp:featuredmedia":[{"embeddable":true,"href":"https:\/\/www.europesays.com\/pt\/wp-json\/wp\/v2\/media\/51971"}],"wp:attachment":[{"href":"https:\/\/www.europesays.com\/pt\/wp-json\/wp\/v2\/media?parent=51994"}],"wp:term":[{"taxonomy":"category","embeddable":true,"href":"https:\/\/www.europesays.com\/pt\/wp-json\/wp\/v2\/categories?post=51994"},{"taxonomy":"post_tag","embeddable":true,"href":"https:\/\/www.europesays.com\/pt\/wp-json\/wp\/v2\/tags?post=51994"}],"curies":[{"name":"wp","href":"https:\/\/api.w.org\/{rel}","templated":true}]}}