{"id":51999,"date":"2025-08-30T22:12:08","date_gmt":"2025-08-30T22:12:08","guid":{"rendered":"https:\/\/www.europesays.com\/pt\/51999\/"},"modified":"2025-08-30T22:12:08","modified_gmt":"2025-08-30T22:12:08","slug":"muito-alem-do-sono-veja-os-multiplos-efeitos-da-melatonina-na-saude","status":"publish","type":"post","link":"https:\/\/www.europesays.com\/pt\/51999\/","title":{"rendered":"Muito al\u00e9m do sono; veja os m\u00faltiplos efeitos da melatonina na sa\u00fade"},"content":{"rendered":"<p class=\"img-credit\">Gazeta<\/p>\n<p><a href=\"https:\/\/cdn.alochapada.com.br\/storage\/webdisco\/2025\/08\/29\/800x600\/2117f55c893105129c0af2f5c54f74d2.jpg\" title=\"\" data-toggle=\"lightbox\" rel=\"nofollow noopener\" target=\"_blank\"><img loading=\"lazy\" decoding=\"async\" src=\"https:\/\/www.europesays.com\/pt\/wp-content\/uploads\/2025\/08\/2117f55c893105129c0af2f5c54f74d2.jpg\" class=\"img-responsive\" width=\"495\" height=\"328\" alt=\"\"\/><\/a><\/p>\n<p>Um estudo que publiquei em coautoria com a Profa. Dra. Luciana Pellegrini Pisani, ambas pesquisadoras da Universidade Federal de S\u00e3o Paulo (UNIFESP), na revista internacional Sleep and Breathing, analisou 71 trabalhos realizados entre 2011 e 2024 para investigar os impactos da suplementa\u00e7\u00e3o de melatonina em diferentes aspectos da sa\u00fade f\u00edsica e mental.<\/p>\n<p>Embora a melatonina seja amplamente conhecida por seu papel na regula\u00e7\u00e3o do sono, nossos resultados mostram que seus efeitos v\u00e3o muito al\u00e9m disso, abrangendo neuroprote\u00e7\u00e3o, imunidade, metabolismo e sa\u00fade emocional. Trata-se de um horm\u00f4nio multifuncional, com propriedades antioxidantes, anti-inflamat\u00f3rias e imunomoduladoras.<\/p>\n<p>Produzida principalmente pela gl\u00e2ndula pineal durante a noite, a melatonina tamb\u00e9m \u00e9 sintetizada em tecidos perif\u00e9ricos, como o trato gastrointestinal e c\u00e9lulas do sistema imune.<\/p>\n<p>\u00a0<\/p>\n<p>Sua a\u00e7\u00e3o ocorre por meio da liga\u00e7\u00e3o aos receptores MT1 e MT2 no sistema nervoso central, influenciando neurotransmissores como serotonina e dopamina e modulando processos fisiol\u00f3gicos essenciais para o equil\u00edbrio do organismo.<\/p>\n<p>A an\u00e1lise revelou que a suplementa\u00e7\u00e3o pode melhorar significativamente a qualidade do sono, especialmente em indiv\u00edduos com dist\u00farbios do ritmo circadiano, como trabalhadores noturnos, idosos e pessoas com ins\u00f4nia cr\u00f4nica.<\/p>\n<p>Tamb\u00e9m encontramos evid\u00eancias promissoras de efeito neuroprotetor em doen\u00e7as como Alzheimer e Parkinson, al\u00e9m de redu\u00e7\u00e3o da ansiedade em contextos cir\u00fargicos.<\/p>\n<p>Em atletas, a melatonina mostrou potencial para acelerar a recupera\u00e7\u00e3o f\u00edsica e reduzir o estresse oxidativo ap\u00f3s treinos intensos. Por outro lado, os dados sobre obesidade, controle glic\u00eamico, microbioma intestinal, sa\u00fade respirat\u00f3ria, c\u00e2ncer, sa\u00fade psiqui\u00e1trica, pediatria e gravidez ainda s\u00e3o inconclusivos.<\/p>\n<p>Muitas dessas pesquisas apresentam limita\u00e7\u00f5es metodol\u00f3gicas, como amostras pequenas, curto tempo de acompanhamento e aus\u00eancia de grupos controle, o que dificulta a generaliza\u00e7\u00e3o dos resultados.<\/p>\n<p>Por isso, apesar do entusiasmo em torno da melatonina, ressalto que seu uso deve ser cuidadosamente avaliado, considerando o perfil individual de cada paciente e os poss\u00edveis efeitos adversos, como sonol\u00eancia excessiva, pesadelos e altera\u00e7\u00f5es de humor.<\/p>\n<p>A mensagem central do nosso artigo \u00e9 clara: a melatonina possui um potencial terap\u00eautico relevante, mas n\u00e3o deve ser encarada como solu\u00e7\u00e3o universal. A prescri\u00e7\u00e3o deve ser personalizada, baseada em evid\u00eancias cient\u00edficas e acompanhada por profissionais capacitados.<\/p>\n<p>Defendemos ainda a realiza\u00e7\u00e3o de novos estudos cl\u00ednicos, com metodologias mais robustas e acompanhamento longitudinal, para compreender melhor seus mecanismos e ampliar a seguran\u00e7a e efic\u00e1cia de seu uso em diferentes contextos da sa\u00fade humana.<\/p>\n<p>O uso de suplementos, medicamentos e vitaminas deve ser feito com cautela e sempre com a orienta\u00e7\u00e3o de um profissional de sa\u00fade de sua confian\u00e7a.<\/p>\n<p class=\"MsoNormal\">\u00a0<\/p>\n<p class=\"MsoNormal\"><a href=\"https:\/\/chat.whatsapp.com\/BNSHds1vKNK2yNtsFzcPjs\" target=\"_blank\" rel=\"noopener noreferrer nofollow\"><strong>Entre no grupo do\u00a0Al\u00f4 Chapada no WhatsApp\u00a0e receba not\u00edcias em tempo real\u00a0<\/strong><\/a><\/p>\n<p class=\"MsoNormal\"><a href=\"https:\/\/chat.whatsapp.com\/Dfc3zMp01m218Yi1kyEAcs\" target=\"_blank\" rel=\"noopener noreferrer nofollow\"><strong>Volte para\u00a0capa do\u00a0Al\u00f4 Chapada<\/strong><\/a><\/p>\n","protected":false},"excerpt":{"rendered":"Gazeta Um estudo que publiquei em coautoria com a Profa. Dra. Luciana Pellegrini Pisani, ambas pesquisadoras da Universidade&hellip;\n","protected":false},"author":2,"featured_media":52000,"comment_status":"","ping_status":"","sticky":false,"template":"","format":"standard","meta":{"footnotes":""},"categories":[86],"tags":[116,32,33,117],"class_list":{"0":"post-51999","1":"post","2":"type-post","3":"status-publish","4":"format-standard","5":"has-post-thumbnail","7":"category-saude","8":"tag-health","9":"tag-portugal","10":"tag-pt","11":"tag-saude"},"share_on_mastodon":{"url":"","error":""},"_links":{"self":[{"href":"https:\/\/www.europesays.com\/pt\/wp-json\/wp\/v2\/posts\/51999","targetHints":{"allow":["GET"]}}],"collection":[{"href":"https:\/\/www.europesays.com\/pt\/wp-json\/wp\/v2\/posts"}],"about":[{"href":"https:\/\/www.europesays.com\/pt\/wp-json\/wp\/v2\/types\/post"}],"author":[{"embeddable":true,"href":"https:\/\/www.europesays.com\/pt\/wp-json\/wp\/v2\/users\/2"}],"replies":[{"embeddable":true,"href":"https:\/\/www.europesays.com\/pt\/wp-json\/wp\/v2\/comments?post=51999"}],"version-history":[{"count":0,"href":"https:\/\/www.europesays.com\/pt\/wp-json\/wp\/v2\/posts\/51999\/revisions"}],"wp:featuredmedia":[{"embeddable":true,"href":"https:\/\/www.europesays.com\/pt\/wp-json\/wp\/v2\/media\/52000"}],"wp:attachment":[{"href":"https:\/\/www.europesays.com\/pt\/wp-json\/wp\/v2\/media?parent=51999"}],"wp:term":[{"taxonomy":"category","embeddable":true,"href":"https:\/\/www.europesays.com\/pt\/wp-json\/wp\/v2\/categories?post=51999"},{"taxonomy":"post_tag","embeddable":true,"href":"https:\/\/www.europesays.com\/pt\/wp-json\/wp\/v2\/tags?post=51999"}],"curies":[{"name":"wp","href":"https:\/\/api.w.org\/{rel}","templated":true}]}}