{"id":52100,"date":"2025-08-30T23:59:13","date_gmt":"2025-08-30T23:59:13","guid":{"rendered":"https:\/\/www.europesays.com\/pt\/52100\/"},"modified":"2025-08-30T23:59:13","modified_gmt":"2025-08-30T23:59:13","slug":"os-tenis-mais-iconicos-da-puma-chegam-renovados-e-prontos-para-o-podio-de-2026","status":"publish","type":"post","link":"https:\/\/www.europesays.com\/pt\/52100\/","title":{"rendered":"Os t\u00e9nis mais ic\u00f3nicos da Puma chegam renovados e prontos para o p\u00f3dio de 2026"},"content":{"rendered":"<p>A Puma tem estado em destaque. Se em 2025 assistimos ao <a href=\"https:\/\/versa.iol.pt\/puma\/speedcat\/ja-eram-os-tenis-do-ano-mas-a-novidade-deixa-nike-e-adidas-muito-atras\/20250717\/68750675d34e3f0baea07c95\" rel=\"nofollow noopener\" target=\"_blank\">regresso triunfal dos Speedcat, que se tornaram presen\u00e7a obrigat\u00f3ria nos looks<\/a> de amantes de moda e celebridades, agora a marca alem\u00e3 volta a surpreender com uma reinterpreta\u00e7\u00e3o dos eternos Suede, modelo ic\u00f3nico que atravessa gera\u00e7\u00f5es e que regressa mais fortes do que nunca.<\/p>\n<p>Reflexo disso foram os \u00faltimos dados da\u00a0<a href=\"https:\/\/versa.iol.pt\/adidas\/puma\/e-oficial-esquece-os-samba-os-tenis-mais-procurados-sao-outros\/20250802\/688b3858d34ef72ee448f116\" rel=\"nofollow noopener\" target=\"_blank\">Lyst, que analisou o comportamento dos consumidores entre abril e junho de 2025<\/a>, e colocou os Speedcat da Puma entre os modelos mais procurados do mundo. E, a avaliar pela forma como os novos Suede chegam ao mercado, tudo indica que podem vir a entrar na lista de 2026.<\/p>\n<p>Numa altura em que modelos como os <a href=\"https:\/\/versa.iol.pt\/moda\/puma\/tenis-ou-sabrinas-a-unica-certeza-e-que-este-modelo-vai-ultrapassar-adidas-e-nike\/20250219\/67b4b3c6d34e3f0bae9aa13d\" rel=\"nofollow noopener\" target=\"_blank\">\u201ct\u00e9nis-sabrina\u201d conquistam multid\u00f5es e se transformam em objeto de desejo<\/a>, a Puma responde com um lan\u00e7amento que promete roubar-lhes o protagonismo. Para isso, voltou a unir for\u00e7as com a centen\u00e1ria Charles F. Stead, que desde 1825 \u00e9 reconhecida pelas suas camur\u00e7as premium. Um nome que respira tradi\u00e7\u00e3o e intemporalidade, mas que sabe sempre como dar um acabamento contempor\u00e2neo e elegante aos materiais que produz.<\/p>\n<p>O resultado? Uma express\u00e3o mais pura, simplificada e artesanal dos Suede, marcada por tr\u00eas cores que s\u00e3o praticamente um mapa das tend\u00eancias recentes e futuras. O tom Honey Butter, um castanho claro, \u00e9 uma homenagem direta \u00e0 cor tend\u00eancia de 2025, o <a href=\"https:\/\/versa.iol.pt\/beleza\/unhas\/quando-fizeres-unhas-de-gel-pede-esta-cor-tendencia\/20250114\/6786703cd34ea1acf272daf0\" rel=\"nofollow noopener\" target=\"_blank\">Mocha Mousse, escolhido pela Pantone como \u201cColor of the Year\u201d, e reflete a eleg\u00e2ncia minimalista que marcou o ano<\/a>.<\/p>\n<p>O Persian Blue, profundo e elegante, aponta j\u00e1 para 2027, ano em que a <a href=\"https:\/\/versa.iol.pt\/zara\/pantone\/autoridade-mundial-revela-cor-tendencia-2027-e-o-vestido-do-ano-esta-na-zara\/20250604\/6840373dd34ef72ee446cbec\" rel=\"nofollow noopener\" target=\"_blank\">WGSN<\/a><a href=\"https:\/\/versa.iol.pt\/zara\/pantone\/autoridade-mundial-revela-cor-tendencia-2027-e-o-vestido-do-ano-esta-na-zara\/20250604\/6840373dd34ef72ee446cbec\" rel=\"nofollow noopener\" target=\"_blank\"> e a Coloro elegeram um tom de azul como o pr\u00f3ximo grande protagonista da paleta global.<\/a><\/p>\n<p>E, a fechar, o vibrante Orange Glo, inspirado nos Knicks e nos ic\u00f3nicos t\u00e9nis de Walt \u201cClyde\u201d Frazier Jr., traz a energia desportiva e nost\u00e1lgica que completa o trio.<\/p>\n<p>Cada par \u00e9 finalizado com uma etiqueta personalizada Charles F. Stead, produzida no mesmo material da parte superior, como selo de autenticidade e qualidade. Mais do que t\u00e9nis, s\u00e3o pe\u00e7as de cole\u00e7\u00e3o que misturam heran\u00e7a, inova\u00e7\u00e3o e uma leitura afinada das tend\u00eancias.<\/p>\n<p>Com os Puma x Charles F. Stead Suede, a marca volta a provar que sabe reinventar o passado para ditar o futuro. E se os Speedcat j\u00e1 marcaram 2025, estes Suede t\u00eam tudo para ser os t\u00e9nis mais desejados de 2026.<\/p>\n<p>Na nossa galeria de imagens, mostramos-te este lan\u00e7amento e outros modelos que continuam em destaque no mundo do cal\u00e7ado, para que possas escolher quais ser\u00e3o os teus favoritos.<\/p>\n","protected":false},"excerpt":{"rendered":"A Puma tem estado em destaque. Se em 2025 assistimos ao regresso triunfal dos Speedcat, que se tornaram&hellip;\n","protected":false},"author":2,"featured_media":52101,"comment_status":"","ping_status":"","sticky":false,"template":"","format":"standard","meta":{"footnotes":""},"categories":[85],"tags":[1081,204,114,115,754,186,1079,32,33,5782,15188,2349,1078,1080],"class_list":{"0":"post-52100","1":"post","2":"type-post","3":"status-publish","4":"format-standard","5":"has-post-thumbnail","7":"category-entretenimento","8":"tag-beleza","9":"tag-design","10":"tag-entertainment","11":"tag-entretenimento","12":"tag-gastronomia","13":"tag-lifestyle","14":"tag-moda","15":"tag-portugal","16":"tag-pt","17":"tag-puma","18":"tag-sapatilhas","19":"tag-tenis","20":"tag-versa","21":"tag-viagens"},"share_on_mastodon":{"url":"","error":""},"_links":{"self":[{"href":"https:\/\/www.europesays.com\/pt\/wp-json\/wp\/v2\/posts\/52100","targetHints":{"allow":["GET"]}}],"collection":[{"href":"https:\/\/www.europesays.com\/pt\/wp-json\/wp\/v2\/posts"}],"about":[{"href":"https:\/\/www.europesays.com\/pt\/wp-json\/wp\/v2\/types\/post"}],"author":[{"embeddable":true,"href":"https:\/\/www.europesays.com\/pt\/wp-json\/wp\/v2\/users\/2"}],"replies":[{"embeddable":true,"href":"https:\/\/www.europesays.com\/pt\/wp-json\/wp\/v2\/comments?post=52100"}],"version-history":[{"count":0,"href":"https:\/\/www.europesays.com\/pt\/wp-json\/wp\/v2\/posts\/52100\/revisions"}],"wp:featuredmedia":[{"embeddable":true,"href":"https:\/\/www.europesays.com\/pt\/wp-json\/wp\/v2\/media\/52101"}],"wp:attachment":[{"href":"https:\/\/www.europesays.com\/pt\/wp-json\/wp\/v2\/media?parent=52100"}],"wp:term":[{"taxonomy":"category","embeddable":true,"href":"https:\/\/www.europesays.com\/pt\/wp-json\/wp\/v2\/categories?post=52100"},{"taxonomy":"post_tag","embeddable":true,"href":"https:\/\/www.europesays.com\/pt\/wp-json\/wp\/v2\/tags?post=52100"}],"curies":[{"name":"wp","href":"https:\/\/api.w.org\/{rel}","templated":true}]}}