{"id":52119,"date":"2025-08-31T00:23:08","date_gmt":"2025-08-31T00:23:08","guid":{"rendered":"https:\/\/www.europesays.com\/pt\/52119\/"},"modified":"2025-08-31T00:23:08","modified_gmt":"2025-08-31T00:23:08","slug":"apesar-das-criticas-vale-tudo-bate-recorde-inacreditavel-na-reta-final","status":"publish","type":"post","link":"https:\/\/www.europesays.com\/pt\/52119\/","title":{"rendered":"Apesar das cr\u00edticas, Vale Tudo bate recorde inacredit\u00e1vel na reta final"},"content":{"rendered":"<p>\n                        Vale Tudo, novela das 21h de Manuela Dias, conseguiu uma marca importante apesar das cr\u00edticas que vem recebendo\n                    <\/p>\n<p class=\"text\">No ar desde o dia 31 de mar\u00e7o, <strong>Vale Tudo<\/strong>, novela das 21h da TV Globo escrita por <strong>Manuela Dias<\/strong>, conseguiu bater um recorde hist\u00f3rico no Globoplay. A obra se tornou a novela de maior alcance na hist\u00f3ria do streaming do ve\u00edculo de comunica\u00e7\u00e3o.<\/p>\n<p><img loading=\"lazy\" decoding=\"async\" alt=\"F\u00e1tima (Bella Campos) de Vale Tudo (Reprodu\u00e7\u00e3o\/TV Globo)\" class=\"img-99b187198e2eb3d48305fad3d9430a43kzvgy9og\" height=\"435\" src=\"https:\/\/www.europesays.com\/pt\/wp-content\/uploads\/2025\/08\/438772797-fatima.jpg\"  title=\"F\u00e1tima (Bella Campos) de Vale Tudo (Reprodu\u00e7\u00e3o\/TV Globo)\" width=\"774\"\/><\/p>\n<p>F\u00e1tima (Bella Campos) de Vale Tudo (Reprodu\u00e7\u00e3o\/TV Globo)<\/p>\n<p>Foto: Contigo<\/p>\n<p class=\"text\">De acordo com a coluna Play, do jornal O Globo, os dados levam em considera\u00e7\u00e3o o per\u00edodo do dia 31 de mar\u00e7o at\u00e9 24 de agosto. E na \u00faltima semana, teve o recorde de consumo com Afonso (<strong>Humberto Carr\u00e3o<\/strong>) descobrindo o chifre de F\u00e1tima (<strong>Bella Campos<\/strong>).<\/p>\n<p class=\"text\">Al\u00e9m disso, do dia 18 ao 23 de agosto, a produ\u00e7\u00e3o bateu o recorde de audi\u00eancia semanal no Painel Nacional de Televis\u00e3o (PNT), ao ter a m\u00e9dia de 26 pontos. No Rio de Janeiro, foi ainda melhor, 31 pontos, repetindo o maior desempenho que j\u00e1 tinha sido alcan\u00e7ado na pra\u00e7a carioca.<\/p>\n<p class=\"text\">Vale destacar que apesar dos \u00f3timos \u00edndices, Vale Tudo ainda enfrenta cr\u00edticas nas redes sociais e de profissionais da imprensa. Anna Luiza Santiago, jornalista do jornal O Globo, recentemente deu uma nota zero para a obra.<\/p>\n<p class=\"text\">&#8220;Para tramas sem cabimento em Vale Tudo: Afonso com c\u00e2ncer e Raquel (<strong>Ta\u00eds Araujo<\/strong>) voltando a vender sandu\u00edche na praia um dia ap\u00f3s sair da Paladar. N\u00e3o havia necessidade de tantas mudan\u00e7as profundas na hist\u00f3ria espetacular que originou o remake&#8221;, destacou a rep\u00f3rter.<\/p>\n<p class=\"text\">&#8220;Absurdo atr\u00e1s de absurdo\u2026 Heleninha (<strong>Paolla Oliveira<\/strong>) e a Celina (<strong>Malu Galli<\/strong>) nunca foram \u00e0 praia desde o come\u00e7o da novela, mas estavam l\u00e1 pra ver a Raquel vendendo sandu\u00edche. E se estavam naquela ala chiquetosa de hotel, com aquele servi\u00e7o de bar, nem deixariam algu\u00e9m vendendo sandu\u00edche chegar perto. E o que dizer dos funcion\u00e1rios que adquiriram um \u00f3timo curr\u00edculo irem vender sandu\u00edche junto da Raquel em vez de procurarem uma boa e poss\u00edvel recoloca\u00e7\u00e3o? Como se vender sandu\u00edche na praia daquela maneira proporcionasse sustento pra todos eles\u2026&#8221;, reclamou um internauta na publica\u00e7\u00e3o sobre o enredo.<\/p>\n","protected":false},"excerpt":{"rendered":"Vale Tudo, novela das 21h de Manuela Dias, conseguiu uma marca importante apesar das cr\u00edticas que vem recebendo&hellip;\n","protected":false},"author":2,"featured_media":52120,"comment_status":"","ping_status":"","sticky":false,"template":"","format":"standard","meta":{"footnotes":""},"categories":[142],"tags":[114,115,32,33,151],"class_list":{"0":"post-52119","1":"post","2":"type-post","3":"status-publish","4":"format-standard","5":"has-post-thumbnail","7":"category-tv","8":"tag-entertainment","9":"tag-entretenimento","10":"tag-portugal","11":"tag-pt","12":"tag-tv"},"share_on_mastodon":{"url":"","error":""},"_links":{"self":[{"href":"https:\/\/www.europesays.com\/pt\/wp-json\/wp\/v2\/posts\/52119","targetHints":{"allow":["GET"]}}],"collection":[{"href":"https:\/\/www.europesays.com\/pt\/wp-json\/wp\/v2\/posts"}],"about":[{"href":"https:\/\/www.europesays.com\/pt\/wp-json\/wp\/v2\/types\/post"}],"author":[{"embeddable":true,"href":"https:\/\/www.europesays.com\/pt\/wp-json\/wp\/v2\/users\/2"}],"replies":[{"embeddable":true,"href":"https:\/\/www.europesays.com\/pt\/wp-json\/wp\/v2\/comments?post=52119"}],"version-history":[{"count":0,"href":"https:\/\/www.europesays.com\/pt\/wp-json\/wp\/v2\/posts\/52119\/revisions"}],"wp:featuredmedia":[{"embeddable":true,"href":"https:\/\/www.europesays.com\/pt\/wp-json\/wp\/v2\/media\/52120"}],"wp:attachment":[{"href":"https:\/\/www.europesays.com\/pt\/wp-json\/wp\/v2\/media?parent=52119"}],"wp:term":[{"taxonomy":"category","embeddable":true,"href":"https:\/\/www.europesays.com\/pt\/wp-json\/wp\/v2\/categories?post=52119"},{"taxonomy":"post_tag","embeddable":true,"href":"https:\/\/www.europesays.com\/pt\/wp-json\/wp\/v2\/tags?post=52119"}],"curies":[{"name":"wp","href":"https:\/\/api.w.org\/{rel}","templated":true}]}}