{"id":52313,"date":"2025-08-31T05:11:52","date_gmt":"2025-08-31T05:11:52","guid":{"rendered":"https:\/\/www.europesays.com\/pt\/52313\/"},"modified":"2025-08-31T05:11:52","modified_gmt":"2025-08-31T05:11:52","slug":"comunicado-assembleia-geral-da-boavista-futebol-clube-futebol-sad","status":"publish","type":"post","link":"https:\/\/www.europesays.com\/pt\/52313\/","title":{"rendered":"COMUNICADO &#8211; Assembleia Geral da Boavista Futebol Clube, Futebol SAD"},"content":{"rendered":"<p><img loading=\"lazy\" decoding=\"async\" width=\"696\" height=\"464\"  alt=\"\" title=\"NANS7144\" src=\"https:\/\/www.europesays.com\/pt\/wp-content\/uploads\/2025\/08\/NANS7144-696x464.jpg\" data- class=\"entry-thumb lazyload\"\/><b>COMUNICADO<\/b><br \/><b>Assembleia Geral da Boavista Futebol Clube, Futebol SAD<\/b><\/p>\n<p data-mce-style=\"margin: 0px 0px 12px; text-align: justify; font-style: normal; font-size: 12px; line-height: normal; font-family: Times;\" style=\"margin: 0px 0px 12px;text-align: justify;font-size: 12px;line-height: normal;font-family: Times\">Reunidos em Assembleia Geral da\u00a0<b>Boavista Futebol Clube, Futebol SAD<\/b>, realizada com a presen\u00e7a de mais de 80% do capital com direito a voto, incluindo o\u00a0<b>Boavista Futebol Clube, enquanto acionista e Clube Fundador<\/b>, os acionistas deliberaram, por unanimidade,\u00a0<b>reprovar os relat\u00f3rios de gest\u00e3o e contas da sociedade, relativos aos exerc\u00edcios do ano de 2022\/2023 e 2023\/2024<\/b>, referentes aos Conselhos de Administra\u00e7\u00e3o do mandato anterior.<\/p>\n<p data-mce-style=\"margin: 0px 0px 12px; text-align: justify; font-style: normal; font-size: 12px; line-height: normal; font-family: Times;\" style=\"margin: 0px 0px 12px;text-align: justify;font-size: 12px;line-height: normal;font-family: Times\">Antes do encerramento da Assembleia Geral, o Presidente do Conselho de Administra\u00e7\u00e3o,\u00a0<b>Fary Faye<\/b>, tomou a palavra, sublinhando, perante a presen\u00e7a do Acionista Boavista Futebol Clube, que a sua maior preocupa\u00e7\u00e3o reside na\u00a0<b>coes\u00e3o de todo o universo Boavisteiro<\/b>, enfatizando que apenas atrav\u00e9s da uni\u00e3o de todos ser\u00e1 poss\u00edvel alcan\u00e7ar os objetivos comuns, centrados no sucesso do Boavista.<\/p>\n<p data-mce-style=\"margin: 0px 0px 12px; text-align: justify; font-style: normal; font-size: 12px; line-height: normal; font-family: Times;\" style=\"margin: 0px 0px 12px;text-align: justify;font-size: 12px;line-height: normal;font-family: Times\">Nesse enquadramento, e evidenciando uma preocupa\u00e7\u00e3o estrat\u00e9gica com o futuro da Institui\u00e7\u00e3o, informou que a Boavista Futebol Clube, Futebol SAD autorizou formalmente a cria\u00e7\u00e3o de uma equipa<b>\u00a0para \u00e9poca 2025\/2026<\/b>, \u00a0constitu\u00edda e inscrita nas competi\u00e7\u00f5es organizadas pela\u00a0<b>Associa\u00e7\u00e3o de Futebol do Porto (AFP)<\/b>, sob responsabilidade do Boavista Futebol Clube, enquanto instrumento essencial para a\u00a0<b>valoriza\u00e7\u00e3o desportiva e estrutural do Clube e da SAD<\/b>.<\/p>\n<p data-mce-style=\"margin: 0px 0px 12px; text-align: justify; font-style: normal; font-size: 12px; line-height: normal; font-family: Times;\" style=\"margin: 0px 0px 12px;text-align: justify;font-size: 12px;line-height: normal;font-family: Times\">Porto, 28 de Agosto de 2025<\/p>\n<p data-mce-style=\"margin: 0px 0px 12px; text-align: justify; font-style: normal; font-size: 12px; line-height: normal; font-family: Times;\" style=\"margin: 0px 0px 12px;text-align: justify;font-size: 12px;line-height: normal;font-family: Times\"><b>Boavista Futebol Clube, Futebol SAD<\/b><\/p>\n<p><a data-mce-href=\"https:\/\/boavistafc.pt\/wp-content\/uploads\/2025\/08\/RCSAD22-23-1.pdf\" href=\"https:\/\/boavistafc.pt\/wp-content\/uploads\/2025\/08\/RCSAD22-23-1.pdf\" data-wplink-url-error=\"true\" rel=\"nofollow noopener\" target=\"_blank\">RELAT\u00d3RIO E CONTAS 2022\/2023\u00a0<\/a><\/p>\n<p><a href=\"https:\/\/boavistafc.pt\/wp-content\/uploads\/2025\/08\/RCSAD-23-24_1-3.pdf\" data-mce-href=\"https:\/\/boavistafc.pt\/wp-content\/uploads\/2025\/08\/RCSAD-23-24_1-3.pdf\" target=\"_blank\" rel=\"noopener nofollow\" data-mce->RELAT\u00d3RIO E CONTAS 2023\/2024 1-3<\/a><\/p>\n<p><a href=\"https:\/\/boavistafc.pt\/wp-content\/uploads\/2025\/08\/RCSAD-23-24_2-3.pdf\" data-mce-href=\"https:\/\/boavistafc.pt\/wp-content\/uploads\/2025\/08\/RCSAD-23-24_2-3.pdf\" target=\"_blank\" rel=\"noopener nofollow\" data-mce->RELAT\u00d3RIO E CONTAS 2023\/2024 2-3<\/a><\/p>\n<p><a href=\"https:\/\/boavistafc.pt\/wp-content\/uploads\/2025\/08\/RCSAD-23-24_3-3.pdf\" data-mce-href=\"https:\/\/boavistafc.pt\/wp-content\/uploads\/2025\/08\/RCSAD-23-24_3-3.pdf\" target=\"_blank\" rel=\"noopener nofollow\" data-mce->RELAT\u00d3RIO E CONTAS 2023\/2024 3-3<\/a><\/p>\n","protected":false},"excerpt":{"rendered":"COMUNICADOAssembleia Geral da Boavista Futebol Clube, Futebol SAD Reunidos em Assembleia Geral da\u00a0Boavista Futebol Clube, Futebol SAD, realizada&hellip;\n","protected":false},"author":2,"featured_media":52314,"comment_status":"","ping_status":"","sticky":false,"template":"","format":"standard","meta":{"footnotes":""},"categories":[87],"tags":[135,32,33,134],"class_list":{"0":"post-52313","1":"post","2":"type-post","3":"status-publish","4":"format-standard","5":"has-post-thumbnail","7":"category-desporto","8":"tag-desporto","9":"tag-portugal","10":"tag-pt","11":"tag-sports"},"share_on_mastodon":{"url":"","error":""},"_links":{"self":[{"href":"https:\/\/www.europesays.com\/pt\/wp-json\/wp\/v2\/posts\/52313","targetHints":{"allow":["GET"]}}],"collection":[{"href":"https:\/\/www.europesays.com\/pt\/wp-json\/wp\/v2\/posts"}],"about":[{"href":"https:\/\/www.europesays.com\/pt\/wp-json\/wp\/v2\/types\/post"}],"author":[{"embeddable":true,"href":"https:\/\/www.europesays.com\/pt\/wp-json\/wp\/v2\/users\/2"}],"replies":[{"embeddable":true,"href":"https:\/\/www.europesays.com\/pt\/wp-json\/wp\/v2\/comments?post=52313"}],"version-history":[{"count":0,"href":"https:\/\/www.europesays.com\/pt\/wp-json\/wp\/v2\/posts\/52313\/revisions"}],"wp:featuredmedia":[{"embeddable":true,"href":"https:\/\/www.europesays.com\/pt\/wp-json\/wp\/v2\/media\/52314"}],"wp:attachment":[{"href":"https:\/\/www.europesays.com\/pt\/wp-json\/wp\/v2\/media?parent=52313"}],"wp:term":[{"taxonomy":"category","embeddable":true,"href":"https:\/\/www.europesays.com\/pt\/wp-json\/wp\/v2\/categories?post=52313"},{"taxonomy":"post_tag","embeddable":true,"href":"https:\/\/www.europesays.com\/pt\/wp-json\/wp\/v2\/tags?post=52313"}],"curies":[{"name":"wp","href":"https:\/\/api.w.org\/{rel}","templated":true}]}}