{"id":52338,"date":"2025-08-31T05:50:10","date_gmt":"2025-08-31T05:50:10","guid":{"rendered":"https:\/\/www.europesays.com\/pt\/52338\/"},"modified":"2025-08-31T05:50:10","modified_gmt":"2025-08-31T05:50:10","slug":"queimada-na-globo-saiba-como-esta-a-moral-da-autora-de-vale-tudo-nos-bastidores-do-canal","status":"publish","type":"post","link":"https:\/\/www.europesays.com\/pt\/52338\/","title":{"rendered":"Queimada na Globo? Saiba como est\u00e1 a &#8216;moral&#8217; da autora de Vale Tudo nos bastidores do canal"},"content":{"rendered":"<p>\n                        Manuela Dias, autora de Vale Tudo, possui uma avalia\u00e7\u00e3o nos bastidores da emissora\n                    <\/p>\n<p class=\"text\"><strong>Manuela Dias<\/strong>, autora de <strong>Vale Tudo<\/strong>, enfrenta uma chuva de cr\u00edticas de alguns nomes da imprensa e de telespectadores da trama das 21h. Contudo, a produ\u00e7\u00e3o est\u00e1 com uma \u00f3tima audi\u00eancia e os chef\u00f5es do canal seguem animados com a escritora.<\/p>\n<p><img loading=\"lazy\" decoding=\"async\" alt=\"Manuela Dias, autora de Vale Tudo\" class=\"img-c00117a6d8b48014dc7eb2ecb0a99918lrsflc1d\" height=\"435\" src=\"https:\/\/www.europesays.com\/pt\/wp-content\/uploads\/2025\/08\/1826998177-manuela-dias-autora-do-remake-de-vale-tudo.jpg\"  title=\"Manuela Dias, autora de Vale Tudo\" width=\"774\"\/><\/p>\n<p>Manuela Dias, autora de Vale Tudo<\/p>\n<p>Foto: Reprodu\u00e7\u00e3o\/Globo \/ Contigo<\/p>\n<p class=\"text\">De acordo com o portal Leo Dias, al\u00e9m de ter confirmada uma terceira temporada da s\u00e9rie Justi\u00e7a, Manuela tem carta branca para desenvolver um enredo in\u00e9dito para o hor\u00e1rio nobre, algo que ela j\u00e1 fez em sua estreia no segmento com Amor de M\u00e3e.<\/p>\n<p class=\"text\">Seria uma esp\u00e9cie de presente ap\u00f3s a novelista ter aceitado o desafio de adaptar o folhetim cl\u00e1ssico de 1988. A platinada continuar\u00e1 acreditando no potencial de Dias, que recentemente rebateu Valmir Moratelli, jornalista da Veja, ap\u00f3s ouvir o profissional criticar o desempenho de <a href=\"https:\/\/www.terra.com.br\/tudo-sobre\/paolla-oliveira\" target=\"_self\" rel=\"nofollow noopener\">Paolla Oliveira<\/a> como Heleninha. &#8220;Para mim, que tamb\u00e9m acompanhou na vers\u00e3o de reprise de Vale Tudo, a Heleninha hoje para mim \u00e9 um problema comparado com o trabalho anterior&#8221;, disse o rep\u00f3rter.<\/p>\n<p class=\"text\">&#8220;Eu acho brilhante o trabalho da Paolla. Acho que ela conquistou esse papel, ela quis esse papel. Acho que \u00e9 um papel muito inc\u00f4modo, \u00e9 um papel que nos anos 80 era engra\u00e7ado a pessoa beber. A gente ria, &#8216;toca um mambo, era uma pingu\u00e7a&#8217;, e hoje em dia, uma das coisas que mudaram \u00e9 a compreens\u00e3o sobre o que \u00e9 o alcoolismo. E o alcoolismo realmente \u00e9 uma doen\u00e7a. Isso \u00e9 uma percep\u00e7\u00e3o que n\u00e3o estava estabelecida cientificamente em 88&#8221;, disse a <a href=\"https:\/\/www.instagram.com\/manueladiasautora\/?hl=pt\" target=\"_blank\" rel=\"nofollow noopener\">profissional<\/a>.<\/p>\n<p class=\"text\">&#8220;Ent\u00e3o \u00e9 muito diferente mesmo, Heleninha \u00e9 um personagem que provoca muita identifica\u00e7\u00e3o, a gente v\u00ea isso nas pesquisas. Acho que \u00e9 uma quest\u00e3o que muitas pessoas vivem de perto nas suas fam\u00edlias, pessoas que sofrem de alcoolismo e que s\u00e3o alcoolistas. Para mim \u00e9 realmente uma honra, esse elenco \u00e9 um privil\u00e9gio muito grande&#8221;, concluiu Manuela.<\/p>\n<p>                            <script async src=\"\/\/www.instagram.com\/embed.js\"><\/script><\/p>\n","protected":false},"excerpt":{"rendered":"Manuela Dias, autora de Vale Tudo, possui uma avalia\u00e7\u00e3o nos bastidores da emissora Manuela Dias, autora de Vale&hellip;\n","protected":false},"author":2,"featured_media":52339,"comment_status":"","ping_status":"","sticky":false,"template":"","format":"standard","meta":{"footnotes":""},"categories":[142],"tags":[114,115,32,33,151],"class_list":{"0":"post-52338","1":"post","2":"type-post","3":"status-publish","4":"format-standard","5":"has-post-thumbnail","7":"category-tv","8":"tag-entertainment","9":"tag-entretenimento","10":"tag-portugal","11":"tag-pt","12":"tag-tv"},"share_on_mastodon":{"url":"","error":""},"_links":{"self":[{"href":"https:\/\/www.europesays.com\/pt\/wp-json\/wp\/v2\/posts\/52338","targetHints":{"allow":["GET"]}}],"collection":[{"href":"https:\/\/www.europesays.com\/pt\/wp-json\/wp\/v2\/posts"}],"about":[{"href":"https:\/\/www.europesays.com\/pt\/wp-json\/wp\/v2\/types\/post"}],"author":[{"embeddable":true,"href":"https:\/\/www.europesays.com\/pt\/wp-json\/wp\/v2\/users\/2"}],"replies":[{"embeddable":true,"href":"https:\/\/www.europesays.com\/pt\/wp-json\/wp\/v2\/comments?post=52338"}],"version-history":[{"count":0,"href":"https:\/\/www.europesays.com\/pt\/wp-json\/wp\/v2\/posts\/52338\/revisions"}],"wp:featuredmedia":[{"embeddable":true,"href":"https:\/\/www.europesays.com\/pt\/wp-json\/wp\/v2\/media\/52339"}],"wp:attachment":[{"href":"https:\/\/www.europesays.com\/pt\/wp-json\/wp\/v2\/media?parent=52338"}],"wp:term":[{"taxonomy":"category","embeddable":true,"href":"https:\/\/www.europesays.com\/pt\/wp-json\/wp\/v2\/categories?post=52338"},{"taxonomy":"post_tag","embeddable":true,"href":"https:\/\/www.europesays.com\/pt\/wp-json\/wp\/v2\/tags?post=52338"}],"curies":[{"name":"wp","href":"https:\/\/api.w.org\/{rel}","templated":true}]}}