{"id":52343,"date":"2025-08-31T05:58:22","date_gmt":"2025-08-31T05:58:22","guid":{"rendered":"https:\/\/www.europesays.com\/pt\/52343\/"},"modified":"2025-08-31T05:58:22","modified_gmt":"2025-08-31T05:58:22","slug":"casa-branca-quer-avancar-com-um-departamento-de-guerra-noticia-o-wsj-eua","status":"publish","type":"post","link":"https:\/\/www.europesays.com\/pt\/52343\/","title":{"rendered":"Casa Branca quer avan\u00e7ar com um Departamento de Guerra, noticia o WSJ | EUA"},"content":{"rendered":"<p>A Administra\u00e7\u00e3o Trump est\u00e1 a avan\u00e7ar com planos para renomear o Departamento de Defesa como Departamento de Guerra, informou o <a href=\"https:\/\/www.wsj.com\/politics\/national-security\/white-house-moves-forward-on-plans-for-a-department-of-war-0119e010\" target=\"_blank\" rel=\"nofollow noopener\">Wall Street Journal<\/a> neste s\u00e1bado, citando um funcion\u00e1rio da Casa Branca, depois de o Presidente dos EUA, Donald Trump, ter mencionado essa possibilidade na segunda-feira.<\/p>\n<p>A restaura\u00e7\u00e3o do nome Departamento de Guerra para o maior departamento do Governo provavelmente exigiria uma ac\u00e7\u00e3o do Congresso, mas a Casa Branca est\u00e1 a explorar m\u00e9todos alternativos para implementar a mudan\u00e7a, avan\u00e7a a not\u00edcia.<\/p>\n<p>O deputado republicano Greg Steube, da Florida, apresentou uma emenda ao projecto de lei anual de pol\u00edtica de defesa que mudaria o nome do departamento, indicando algum apoio republicano no Congresso para a mudan\u00e7a.<\/p>\n<p>A Casa Branca n\u00e3o deu detalhes, mas ressaltou os coment\u00e1rios de Trump nesta semana enfatizando as capacidades ofensivas dos militares dos EUA.<\/p>\n<p>\u201cComo disse o Presidente Trump, as nossas For\u00e7as Armadas devem concentrar-se no ataque \u2014 n\u00e3o apenas na defesa \u2014 e \u00e9 por isso que ele priorizou os combatentes no Pent\u00e1gono, em vez do DEI e da <a href=\"https:\/\/www.publico.pt\/2025\/03\/04\/ciencia\/noticia\/deitar-palavras-cancelar-ciencia-directo-2124382\" rel=\"nofollow noopener\" target=\"_blank\">ideologia woke<\/a>. Fiquem atentos!\u201d, disse a porta-voz da Casa Branca Anna Kelly, usando as iniciais DEI para se referir a programas destinados a aumentar a diversidade, a equidade e a inclus\u00e3o.<\/p>\n<p>Trump levantou a ideia de rebaptizar o Departamento de Defesa como o \u201cDepartamento de Guerra\u201d enquanto falava com rep\u00f3rteres no Sal\u00e3o Oval na segunda-feira, dizendo que \u201csoava melhor\u201d para ele.<\/p>\n<p>\u201cCostumava ser chamado de Departamento de Guerra e tinha um som mais forte\u201d, disse Trump. \u201cQueremos defesa, mas tamb\u00e9m queremos ataque&#8230; Como Departamento de Guerra ganh\u00e1mos tudo, ganh\u00e1mos tudo e acho que vamos ter de voltar a isso.\u201d<\/p>\n<p>O Departamento de Guerra transformou-se no Departamento de Defesa atrav\u00e9s de um processo gradual, come\u00e7ando com a Lei de Seguran\u00e7a Nacional de 1947, que unificou o Ex\u00e9rcito, a Marinha e a For\u00e7a A\u00e9rea numa \u00fanica organiza\u00e7\u00e3o chamada Estabelecimento Militar Nacional.<\/p>\n<p>Uma emenda \u00e0 lei aprovada em 1949 introduziu oficialmente o nome \u201cDepartamento de Defesa\u201d, estabelecendo a estrutura em vigor actualmente.<\/p>\n<p>Trump e o secret\u00e1rio da Defesa, Pete Hegseth, t\u00eam estado a trabalhar no sentido de promover uma imagem mais agressiva das For\u00e7as Armadas, ao mesmo tempo que t\u00eam vindo a realizar uma s\u00e9rie de outras mudan\u00e7as, incluindo a <a href=\"https:\/\/www.publico.pt\/2025\/02\/22\/mundo\/noticia\/trump-faz-purga-pentagono-demite-chefe-estadomaior-forcas-armadas-2123519\" rel=\"nofollow noopener\" target=\"_blank\">purga de l\u00edderes militares<\/a> de topo cujas opini\u00f5es t\u00eam sido vistas como estando em desacordo com Trump.<\/p>\n<p>A Administra\u00e7\u00e3o Trump tamb\u00e9m procurou impedir a entrada de pessoas <a href=\"https:\/\/www.publico.pt\/2025\/06\/24\/p3\/noticia\/militares-trans-querem-continuar-servir-eua-trump-forcalos-sair-2137548\" rel=\"nofollow noopener\" target=\"_blank\">transg\u00e9nero nas For\u00e7as Armadas dos EUA<\/a> e afastar todos os que est\u00e3o actualmente ao servi\u00e7o. O Pent\u00e1gono afirma que as pessoas transg\u00e9nero s\u00e3o medicamente incapazes, algo que os activistas dos direitos civis dizem ser falso, acusando o movimento de discrimina\u00e7\u00e3o ilegal.<\/p>\n","protected":false},"excerpt":{"rendered":"A Administra\u00e7\u00e3o Trump est\u00e1 a avan\u00e7ar com planos para renomear o Departamento de Defesa como Departamento de Guerra,&hellip;\n","protected":false},"author":2,"featured_media":52344,"comment_status":"","ping_status":"","sticky":false,"template":"","format":"standard","meta":{"footnotes":""},"categories":[50],"tags":[27,28,5914,2537,92,413,15,16,14,25,26,21,22,62,12,13,19,20,23,24,17,18,29,30,31,63,64,65],"class_list":{"0":"post-52343","1":"post","2":"type-post","3":"status-publish","4":"format-standard","5":"has-post-thumbnail","7":"category-mundo","8":"tag-breaking-news","9":"tag-breakingnews","10":"tag-casa-branca","11":"tag-defesa","12":"tag-donald-trump","13":"tag-eua","14":"tag-featured-news","15":"tag-featurednews","16":"tag-headlines","17":"tag-latest-news","18":"tag-latestnews","19":"tag-main-news","20":"tag-mainnews","21":"tag-mundo","22":"tag-news","23":"tag-noticias","24":"tag-noticias-principais","25":"tag-noticiasprincipais","26":"tag-principais-noticias","27":"tag-principaisnoticias","28":"tag-top-stories","29":"tag-topstories","30":"tag-ultimas","31":"tag-ultimas-noticias","32":"tag-ultimasnoticias","33":"tag-world","34":"tag-world-news","35":"tag-worldnews"},"share_on_mastodon":{"url":"","error":""},"_links":{"self":[{"href":"https:\/\/www.europesays.com\/pt\/wp-json\/wp\/v2\/posts\/52343","targetHints":{"allow":["GET"]}}],"collection":[{"href":"https:\/\/www.europesays.com\/pt\/wp-json\/wp\/v2\/posts"}],"about":[{"href":"https:\/\/www.europesays.com\/pt\/wp-json\/wp\/v2\/types\/post"}],"author":[{"embeddable":true,"href":"https:\/\/www.europesays.com\/pt\/wp-json\/wp\/v2\/users\/2"}],"replies":[{"embeddable":true,"href":"https:\/\/www.europesays.com\/pt\/wp-json\/wp\/v2\/comments?post=52343"}],"version-history":[{"count":0,"href":"https:\/\/www.europesays.com\/pt\/wp-json\/wp\/v2\/posts\/52343\/revisions"}],"wp:featuredmedia":[{"embeddable":true,"href":"https:\/\/www.europesays.com\/pt\/wp-json\/wp\/v2\/media\/52344"}],"wp:attachment":[{"href":"https:\/\/www.europesays.com\/pt\/wp-json\/wp\/v2\/media?parent=52343"}],"wp:term":[{"taxonomy":"category","embeddable":true,"href":"https:\/\/www.europesays.com\/pt\/wp-json\/wp\/v2\/categories?post=52343"},{"taxonomy":"post_tag","embeddable":true,"href":"https:\/\/www.europesays.com\/pt\/wp-json\/wp\/v2\/tags?post=52343"}],"curies":[{"name":"wp","href":"https:\/\/api.w.org\/{rel}","templated":true}]}}