{"id":52356,"date":"2025-08-31T06:31:02","date_gmt":"2025-08-31T06:31:02","guid":{"rendered":"https:\/\/www.europesays.com\/pt\/52356\/"},"modified":"2025-08-31T06:31:02","modified_gmt":"2025-08-31T06:31:02","slug":"anunciada-data-de-estreia-do-novo-programa-de-maria-cerqueira-gomes","status":"publish","type":"post","link":"https:\/\/www.europesays.com\/pt\/52356\/","title":{"rendered":"Anunciada data de estreia do novo programa de Maria Cerqueira Gomes"},"content":{"rendered":"<p>A nova aposta de s\u00e1bado \u00e0 noite da esta\u00e7\u00e3o de Queluz de Baixo, apresentada por <a href=\"https:\/\/www.instagram.com\/maria_cerqueira_gomes\/\" target=\"_blank\" rel=\"noopener nofollow\">Maria Cerqueira Gomes<\/a>, j\u00e1 tem data de estreia.<\/p>\n<p>A TVI anunciou, \u00e0 instantes, que o \u201c<a href=\"https:\/\/www.atelevisao.com\/tag\/ora-bolas\/\" rel=\"nofollow noopener\" target=\"_blank\">Ora Bolas!<\/a>\u201d arranca no pr\u00f3ximo dia 13 de setembro.<\/p>\n<p>\u201c<strong>\u00c9 oficial! As bolas gigantes mais amea\u00e7adoras chegam dia 13<\/strong>\u201c, escreveram no Instagram.<\/p>\n<p>\u201c<strong>Mas n\u00e3o se assuste. Elas s\u00f3 atingem quem falha nas respostas. Um programa de grande entretenimento que prova que, mesmo depois do ver\u00e3o, ainda podemos ir a banhos! \u200b\ud83d\ude02<\/strong>\u201c, acrescentaram.<\/p>\n<p><script async src=\"\/\/www.instagram.com\/embed.js\"><\/script><\/p>\n","protected":false},"excerpt":{"rendered":"A nova aposta de s\u00e1bado \u00e0 noite da esta\u00e7\u00e3o de Queluz de Baixo, apresentada por Maria Cerqueira Gomes,&hellip;\n","protected":false},"author":2,"featured_media":52357,"comment_status":"","ping_status":"","sticky":false,"template":"","format":"standard","meta":{"footnotes":""},"categories":[142],"tags":[114,115,32,33,151],"class_list":{"0":"post-52356","1":"post","2":"type-post","3":"status-publish","4":"format-standard","5":"has-post-thumbnail","7":"category-tv","8":"tag-entertainment","9":"tag-entretenimento","10":"tag-portugal","11":"tag-pt","12":"tag-tv"},"share_on_mastodon":{"url":"","error":""},"_links":{"self":[{"href":"https:\/\/www.europesays.com\/pt\/wp-json\/wp\/v2\/posts\/52356","targetHints":{"allow":["GET"]}}],"collection":[{"href":"https:\/\/www.europesays.com\/pt\/wp-json\/wp\/v2\/posts"}],"about":[{"href":"https:\/\/www.europesays.com\/pt\/wp-json\/wp\/v2\/types\/post"}],"author":[{"embeddable":true,"href":"https:\/\/www.europesays.com\/pt\/wp-json\/wp\/v2\/users\/2"}],"replies":[{"embeddable":true,"href":"https:\/\/www.europesays.com\/pt\/wp-json\/wp\/v2\/comments?post=52356"}],"version-history":[{"count":0,"href":"https:\/\/www.europesays.com\/pt\/wp-json\/wp\/v2\/posts\/52356\/revisions"}],"wp:featuredmedia":[{"embeddable":true,"href":"https:\/\/www.europesays.com\/pt\/wp-json\/wp\/v2\/media\/52357"}],"wp:attachment":[{"href":"https:\/\/www.europesays.com\/pt\/wp-json\/wp\/v2\/media?parent=52356"}],"wp:term":[{"taxonomy":"category","embeddable":true,"href":"https:\/\/www.europesays.com\/pt\/wp-json\/wp\/v2\/categories?post=52356"},{"taxonomy":"post_tag","embeddable":true,"href":"https:\/\/www.europesays.com\/pt\/wp-json\/wp\/v2\/tags?post=52356"}],"curies":[{"name":"wp","href":"https:\/\/api.w.org\/{rel}","templated":true}]}}