{"id":52412,"date":"2025-08-31T08:24:14","date_gmt":"2025-08-31T08:24:14","guid":{"rendered":"https:\/\/www.europesays.com\/pt\/52412\/"},"modified":"2025-08-31T08:24:14","modified_gmt":"2025-08-31T08:24:14","slug":"tribunal-o-jogo-penalti-a-favor-do-sporting-no-lance-entre-moura-e-catamo-o-jogo","status":"publish","type":"post","link":"https:\/\/www.europesays.com\/pt\/52412\/","title":{"rendered":"Tribunal O JOGO | Pen\u00e1lti a favor do Sporting no lance entre Moura e Catamo? &#8211; O Jogo"},"content":{"rendered":"<ol>\n<li><a href=\"https:\/\/news.google.com\/rss\/articles\/CBMiqAFBVV95cUxNNUNfbWF4SnUxMzlWT0N1RUQtMzZZVWk4LWptQXUxLVhwZV83VHVCdDZmNERuUEJVZ2Y2LWdOWXZNTnZoTVBkUFZETzRUWlBVZ0lSOG5FWGZBTXYwNnVPSnRnVUNtekhBQURvcGttT1ZnRTRUSWdNUXA3djA1U0tUUm9jU0hUR1hySG1lMVZEMnVwc21xN29PY0hLaE54NG12ajB2VnpGa1g?oc=5\" target=\"_blank\" rel=\"nofollow noopener\">Tribunal O JOGO | Pen\u00e1lti a favor do Sporting no lance entre Moura e Catamo?<\/a>&nbsp;&nbsp;O Jogo<\/li>\n<li><a href=\"https:\/\/news.google.com\/rss\/articles\/CBMiwAFBVV95cUxONHBQSHFaOUR0TzZJM0Z5clNITmdMTzZnSDJPcFJSQ20wTkVqR3RzUllyeEtIUGtWQ1VXTm5BTVRyRHhNcG1Wdk5SMzVWMEhKYXVnOWEwSTV6aXFLQmNId28za0poSHFXQ2dzMWNPT3VmOUgwdmRLUzhhSjU1bDNscEZoVV94LWxkcUhxcEl2ZEtwNjJTVjU5bVlqNjJweXBBc2Zkc05FVHBfdDJJUkFTY1RyQUtXTkpJRUMtNmh4WEM?oc=5\" target=\"_blank\" rel=\"nofollow noopener\">Houve falta para pen\u00e1lti de Francisco Moura sobre Geny Catamo? Os (poucos) casos do cl\u00e1ssico<\/a>&nbsp;&nbsp;Observador<\/li>\n<li><a href=\"https:\/\/news.google.com\/rss\/articles\/CBMiowFBVV95cUxNR0pvS01tX3JEV3VidzJ2eFQ2QThuMmJEY3djcmhhbzdhdTJmZk51VDd2b0Jna0xTZ2VzRTdyMDl1Yi1sRVlWekdKcklMeUNueF9waEtoUkFaN0xLTXdRdzhsUnNzNU9IcVpqMlYwYXhNRWNYX01tdFJkZWlsa05oTVBjUTZtZHJKNlFMcGxveldPSjlBdFdLYUVhUk9tS1lWRUJr?oc=5\" target=\"_blank\" rel=\"nofollow noopener\">Arbitragem &#8220;feliz&#8221; de Jo\u00e3o Gon\u00e7alves na estreia em cl\u00e1ssicos<\/a>&nbsp;&nbsp;Jornal de Not\u00edcias<\/li>\n<li><a href=\"https:\/\/news.google.com\/rss\/articles\/CBMilgFBVV95cUxPekVKTGxnWGR0VWhHNDBLUWtaN2tkNnNyZGViRV9nQzR5TW9PbnhsMUptelJrTkZNS3J3bG5Gb01rb2xVSHlnU3luRkk3N19JOGhqWlJiaTB6a2Q4SllBQU9kVG5VNXdsS0Z0MDNCekEtZ3BDWmFYb2RnZW1BV000SzlrOGlHMWs1N3ZYa2RZYUtIMFhfSVE?oc=5\" target=\"_blank\" rel=\"nofollow noopener\">18h30 Edi\u00e7\u00e3o de Carlos Rui Abreu<\/a>&nbsp;&nbsp;RTP<\/li>\n<li><a href=\"https:\/\/news.google.com\/rss\/articles\/CBMikgFBVV95cUxOOTR4cU5lUE9HQTRhVlM0SU91N3B0ZXFRa01Zc2p4Z0tjSl9FMkVKdEdNUkJiYWZWdGhZeUVQZTZkbjF2cExWbENLYjhRdmxOUlJ2VjkzRWpmMVRBNGk0SEVld0RjM2lQNlJRdlJPQllENEZPc1lpeUdWWkZKcFZUdmd5cXNGeEFlTUthQTZBbVJndw?oc=5\" target=\"_blank\" rel=\"nofollow noopener\">Not\u00edcias &#8211; Jo\u00e3o Gon\u00e7alves dirige o Sporting-FC Porto<\/a>&nbsp;&nbsp;FC Porto<\/li>\n<\/ol>\n","protected":false},"excerpt":{"rendered":"Tribunal O JOGO | Pen\u00e1lti a favor do Sporting no lance entre Moura e Catamo?&nbsp;&nbsp;O Jogo Houve falta&hellip;\n","protected":false},"author":2,"featured_media":52413,"comment_status":"","ping_status":"","sticky":false,"template":"","format":"standard","meta":{"footnotes":""},"categories":[87],"tags":[135,32,33,134],"class_list":{"0":"post-52412","1":"post","2":"type-post","3":"status-publish","4":"format-standard","5":"has-post-thumbnail","7":"category-desporto","8":"tag-desporto","9":"tag-portugal","10":"tag-pt","11":"tag-sports"},"share_on_mastodon":{"url":"","error":""},"_links":{"self":[{"href":"https:\/\/www.europesays.com\/pt\/wp-json\/wp\/v2\/posts\/52412","targetHints":{"allow":["GET"]}}],"collection":[{"href":"https:\/\/www.europesays.com\/pt\/wp-json\/wp\/v2\/posts"}],"about":[{"href":"https:\/\/www.europesays.com\/pt\/wp-json\/wp\/v2\/types\/post"}],"author":[{"embeddable":true,"href":"https:\/\/www.europesays.com\/pt\/wp-json\/wp\/v2\/users\/2"}],"replies":[{"embeddable":true,"href":"https:\/\/www.europesays.com\/pt\/wp-json\/wp\/v2\/comments?post=52412"}],"version-history":[{"count":0,"href":"https:\/\/www.europesays.com\/pt\/wp-json\/wp\/v2\/posts\/52412\/revisions"}],"wp:featuredmedia":[{"embeddable":true,"href":"https:\/\/www.europesays.com\/pt\/wp-json\/wp\/v2\/media\/52413"}],"wp:attachment":[{"href":"https:\/\/www.europesays.com\/pt\/wp-json\/wp\/v2\/media?parent=52412"}],"wp:term":[{"taxonomy":"category","embeddable":true,"href":"https:\/\/www.europesays.com\/pt\/wp-json\/wp\/v2\/categories?post=52412"},{"taxonomy":"post_tag","embeddable":true,"href":"https:\/\/www.europesays.com\/pt\/wp-json\/wp\/v2\/tags?post=52412"}],"curies":[{"name":"wp","href":"https:\/\/api.w.org\/{rel}","templated":true}]}}