{"id":52458,"date":"2025-08-31T09:25:19","date_gmt":"2025-08-31T09:25:19","guid":{"rendered":"https:\/\/www.europesays.com\/pt\/52458\/"},"modified":"2025-08-31T09:25:19","modified_gmt":"2025-08-31T09:25:19","slug":"lider-do-pcp-insiste-que-salarios-baixos-expoem-o-pais-a-inflacao-inflacao","status":"publish","type":"post","link":"https:\/\/www.europesays.com\/pt\/52458\/","title":{"rendered":"L\u00edder do PCP insiste que sal\u00e1rios baixos exp\u00f5em o pa\u00eds \u00e0 infla\u00e7\u00e3o | Infla\u00e7\u00e3o"},"content":{"rendered":"<p>O secret\u00e1rio-geral do PCP, Paulo Raimundo, insistiu este s\u00e1bado que, sem resolver a quest\u00e3o dos baixos sal\u00e1rios em Portugal, o pa\u00eds ir\u00e1 continuar exposto a aumentos da taxa de infla\u00e7\u00e3o como a verificada em Agosto.<\/p>\n<p>Questionado pela Lusa sobre o facto de a taxa de <a href=\"https:\/\/www.publico.pt\/2025\/08\/29\/economia\/noticia\/precos-alimentos-voltam-acelerar-inflacao-fica-28-agosto-2145367\" rel=\"nofollow noopener\" target=\"_blank\">infla\u00e7\u00e3o ter aumentado<\/a> para 2,8% em Agosto, ficando 0,2 pontos percentuais acima da varia\u00e7\u00e3o de Julho, segundo a estimativa provis\u00f3ria divulgada na sexta-feira pelo Instituto Nacional de Estat\u00edstica (INE), Paulo Raimundo afirmou que a solu\u00e7\u00e3o passa por resolver o &#8220;problema estrutural que se chama sal\u00e1rios e rendimentos, mas, em particular, os sal\u00e1rios&#8221;.<\/p>\n<p>&#8220;Tamb\u00e9m fic\u00e1mos a saber que a <a href=\"https:\/\/www.publico.pt\/2025\/08\/29\/economia\/noticia\/consumo-comercio-externo-puxaram-economia-segundo-trimestre-2145361\" rel=\"nofollow noopener\" target=\"_blank\">economia tinha crescido<\/a> 1,9% no \u00faltimo trimestre. Convenhamos que 1,9% n\u00e3o \u00e9 crescimento. \u00c9 melhor 1,9 do que zero, mas tudo o que seja abaixo dos 2% n\u00e3o tem consequ\u00eancia nenhuma na economia, na vida das pessoas. E, portanto, enquanto n\u00e3o resolvermos o problema dos sal\u00e1rios, de um <a href=\"https:\/\/www.publico.pt\/2025\/06\/02\/politica\/noticia\/pcp-vai-propor-limite-aumento-rendas-salario-minimo-mil-euros-2135243\" rel=\"nofollow noopener\" target=\"_blank\">aumento significativo dos sal\u00e1rios<\/a>, de um choque salarial, que n\u00f3s andamos a propor h\u00e1 tanto tempo, vamos andar sempre nisto&#8221;, defendeu o l\u00edder comunista.<\/p>\n<p>Em declara\u00e7\u00f5es em Paredes, no distrito do Porto, prosseguiu: &#8220;\u00c9 claro que a quest\u00e3o dos sal\u00e1rios n\u00e3o tem a ver exactamente com isso, tem a ver fundamentalmente com os pre\u00e7os. E se h\u00e1 coisa que n\u00f3s sentimos todos, e sabemos todos, independentemente dos sal\u00e1rios que temos, \u00e9 um <a href=\"https:\/\/www.publico.pt\/2025\/08\/18\/p3\/noticia\/custo-vida-deixar-jovens-tristes-longe-ensino-superior-2143650\" rel=\"nofollow noopener\" target=\"_blank\">aumento do custo de vida<\/a> que n\u00e3o tem parado&#8221;.<\/p>\n<p>        &#13;<\/p>\n<p>&#13;<br \/>\n                &#13;\n            <\/p>\n<p>&#13;<\/p>\n<p>Ainda sobre o tema, <a href=\"https:\/\/www.publico.pt\/2025\/08\/28\/politica\/noticia\/raimundo-acusa-ps-estar-adormecido-maioria-direita-pressa-2145273?ref=paulo-raimundo&amp;cx=page__content\" rel=\"nofollow noopener\" target=\"_blank\">Paulo Raimundo<\/a> sublinhou que &#8220;os valores da infla\u00e7\u00e3o, como sempre, deixam de fora uma parte importante da despesa da vida das pessoas, que \u00e9 com a habita\u00e7\u00e3o&#8221;, o que significa que &#8220;as outras componentes, desde logo o pre\u00e7o dos alimentos, que tem disparado de forma exponencial, t\u00eam vindo a crescer [exercendo] muita press\u00e3o sobre a vida das pessoas. E, portanto, o aumento dos sal\u00e1rios n\u00e3o resolve tudo, mas d\u00e1 um jeito na vida das pessoas, at\u00e9 para enfrentar esses n\u00fameros, porque isto tem consequ\u00eancias&#8221;.<\/p>\n<p>Reuni\u00e3o com Governo n\u00e3o \u00e9 sobre Or\u00e7amento<\/p>\n<p>O secret\u00e1rio-geral comunista disse ainda que a <a href=\"https:\/\/www.publico.pt\/2025\/08\/28\/politica\/noticia\/governo-convoca-partidos-reunioes-orcamento-estado-2145216\" rel=\"nofollow noopener\" target=\"_blank\">reuni\u00e3o com o Governo<\/a> na pr\u00f3xima semana incidir\u00e1 sobre quatro pontos, entre os quais as Grandes Op\u00e7\u00f5es do Plano, mas recusou que um dos temas seja o Or\u00e7amento do Estado para 2026.<\/p>\n<p>&#8220;Fomos convocados pelo Governo para uma reuni\u00e3o com quatro pontos. Nenhum desses pontos tem a ver com o Or\u00e7amento de Estado. Posso-lhe garantir. Das duas, tr\u00eas. Ou algu\u00e9m anda a fazer contrabando de informa\u00e7\u00e3o ou ent\u00e3o o Governo convocou partidos para reuni\u00f5es diferentes&#8221;, respondeu \u00e0 Lusa.<\/p>\n<p>Na quinta-feira passada, o ministro dos Assuntos Parlamentares, Carlos Abreu Amorim, anunciou que o Governo ir\u00e1 iniciar, na pr\u00f3xima quarta-feira, um conjunto de reuni\u00f5es com os grupos parlamentares e deputados \u00fanicos &#8220;sobre v\u00e1rias quest\u00f5es&#8221;, entre as quais o Or\u00e7amento do Estado para o pr\u00f3ximo ano.<\/p>\n<p>Questionado sobre os quatro pontos da agenda que referiu, Paulo Raimundo disse que um deles &#8220;tem a ver com as Grandes Op\u00e7\u00f5es do Plano, que n\u00e3o \u00e9 o Or\u00e7amento de Estado&#8221;. Os outros &#8220;t\u00eam a ver com <a href=\"http:\/\/publico.pt\/2025\/08\/30\/politica\/noticia\/governo-comeca-semana-ouvir-partidos-reconhecimento-palestina-2145473?ref=politica&amp;cx=page__content\" rel=\"nofollow noopener\" target=\"_blank\">aspectos internacionais<\/a>&#8220;, escusando-se a divulgar os aspectos em concreto.<\/p>\n<p>&#8220;Tamb\u00e9m sabemos que temos dois partidos, na pr\u00e1tica, que se andam a acotovelar um ao outro para ver quem \u00e9 o mais c\u00famplice das op\u00e7\u00f5es do Governo. O PS e o Chega est\u00e3o a ver quem \u00e9 o mais c\u00famplice. Aquele que, desculpe a express\u00e3o, um bocadinho assim a ro\u00e7ar o grosseiro, mas para ver quem \u00e9 a noiva deste Governo&#8221;, acrescentou o l\u00edder comunista, admitindo &#8220;que os candidatos \u00e0 noiva do Governo tenham outro tipo de espa\u00e7os&#8221;.<\/p>\n","protected":false},"excerpt":{"rendered":"O secret\u00e1rio-geral do PCP, Paulo Raimundo, insistiu este s\u00e1bado que, sem resolver a quest\u00e3o dos baixos sal\u00e1rios em&hellip;\n","protected":false},"author":2,"featured_media":52459,"comment_status":"","ping_status":"","sticky":false,"template":"","format":"standard","meta":{"footnotes":""},"categories":[83],"tags":[88,89,90,1215,8497,13444,3596,52,32,33],"class_list":{"0":"post-52458","1":"post","2":"type-post","3":"status-publish","4":"format-standard","5":"has-post-thumbnail","7":"category-empresas","8":"tag-business","9":"tag-economy","10":"tag-empresas","11":"tag-inflacao","12":"tag-orcamento-do-estado","13":"tag-paulo-raimundo","14":"tag-pcp","15":"tag-politica","16":"tag-portugal","17":"tag-pt"},"share_on_mastodon":{"url":"","error":""},"_links":{"self":[{"href":"https:\/\/www.europesays.com\/pt\/wp-json\/wp\/v2\/posts\/52458","targetHints":{"allow":["GET"]}}],"collection":[{"href":"https:\/\/www.europesays.com\/pt\/wp-json\/wp\/v2\/posts"}],"about":[{"href":"https:\/\/www.europesays.com\/pt\/wp-json\/wp\/v2\/types\/post"}],"author":[{"embeddable":true,"href":"https:\/\/www.europesays.com\/pt\/wp-json\/wp\/v2\/users\/2"}],"replies":[{"embeddable":true,"href":"https:\/\/www.europesays.com\/pt\/wp-json\/wp\/v2\/comments?post=52458"}],"version-history":[{"count":0,"href":"https:\/\/www.europesays.com\/pt\/wp-json\/wp\/v2\/posts\/52458\/revisions"}],"wp:featuredmedia":[{"embeddable":true,"href":"https:\/\/www.europesays.com\/pt\/wp-json\/wp\/v2\/media\/52459"}],"wp:attachment":[{"href":"https:\/\/www.europesays.com\/pt\/wp-json\/wp\/v2\/media?parent=52458"}],"wp:term":[{"taxonomy":"category","embeddable":true,"href":"https:\/\/www.europesays.com\/pt\/wp-json\/wp\/v2\/categories?post=52458"},{"taxonomy":"post_tag","embeddable":true,"href":"https:\/\/www.europesays.com\/pt\/wp-json\/wp\/v2\/tags?post=52458"}],"curies":[{"name":"wp","href":"https:\/\/api.w.org\/{rel}","templated":true}]}}