{"id":52501,"date":"2025-08-31T10:34:59","date_gmt":"2025-08-31T10:34:59","guid":{"rendered":"https:\/\/www.europesays.com\/pt\/52501\/"},"modified":"2025-08-31T10:34:59","modified_gmt":"2025-08-31T10:34:59","slug":"portugal-conquista-europeu-de-sub-19","status":"publish","type":"post","link":"https:\/\/www.europesays.com\/pt\/52501\/","title":{"rendered":"Portugal conquista Europeu de sub-19"},"content":{"rendered":"<p>Portugal voltou a brilhar no h\u00f3quei em patins e sagrou-se este s\u00e1bado tricampe\u00e3o europeu de sub-19, ao derrotar a Espanha por 5-2 na final da competi\u00e7\u00e3o, disputada em Viareggio, It\u00e1lia. <\/p>\n<p>Foi uma vit\u00f3ria de ra\u00e7a, talento e supera\u00e7\u00e3o, que devolveu aos jovens portugueses a coroa continental e um sabor especial de desforra. <\/p>\n<p>O encontro come\u00e7ou com um susto: logo no primeiro minuto, Marc Zan\u00f3n adiantou os espanh\u00f3is e obrigou Portugal a correr atr\u00e1s do preju\u00edzo. Mas a resposta surgiu com personalidade. Diogo Duarte fez o empate aos 18 minutos e abriu caminho para a reviravolta. <\/p>\n<p>            <img decoding=\"async\" src=\"https:\/\/www.europesays.com\/pt\/wp-content\/uploads\/2025\/08\/5ef156a2-27f4-44d6-86c4-b2e74984366c.jpg\" alt=\"\" width=\"620\" class=\"w-full object-cover\"\/><\/p>\n<p>                    Portugal venceu Espanha por 5-2 na final do Europeu de sub-19 de h\u00f3quei em patins<\/p>\n<p>Na segunda parte, Rodrigo Preciso colocou a equipa na frente (37\u2019), Afonso Ribeiro ampliou (42\u2019) e Diogo Duarte bisou pouco depois (43\u2019), lan\u00e7ando Portugal para a vit\u00f3ria. A Espanha ainda reduziu por Pau Andreu (48\u2019), mas j\u00e1 era tarde: um minuto depois, o capit\u00e3o Tom\u00e1s Santos fez o 5-2 final e selou a festa lusa. <\/p>\n<p>O selecionador Vasco Vaz n\u00e3o escondeu a emo\u00e7\u00e3o: \u00ab\u00c9 uma emo\u00e7\u00e3o. Ganhar \u00e9 sempre bom. Quem anda nisto j\u00e1 h\u00e1 uns largos anos que vencer \u00e9 outra coisa, n\u00e3o \u00e9? E perder&#8230; O que nos aconteceu no ano passado [no Mundial da categoria em Novara, Portugal foi derrotado por Espanha na final, por 1-3], a derrota, e da forma como foi, deixou-me um bocadinho com a boca amarguita. Este ano, n\u00e3o podia acontecer-nos a mesma coisa. No entanto, n\u00e3o come\u00e7\u00e1mos bem o jogo, sem d\u00favida. Sofremos logo um golo no primeiro minuto. Depois, estabiliz\u00e1mos um bocadinho, mas a partir do momento em que fizemos o empate, creio conseguimos controlar o jogo e vencemos com inteira justi\u00e7a. Somos os justos vencedores deste campeonato, por aquilo que fizemos nos cinco jogos\u00bb. <\/p>\n<p>            <img decoding=\"async\" src=\"https:\/\/www.europesays.com\/pt\/wp-content\/uploads\/2025\/08\/58e3dd44-0d4a-4406-83b0-645f828fb8e1.jpg\" alt=\"\" width=\"620\" class=\"w-full object-cover\"\/><\/p>\n<p>                    Festa lusa em Viageggio: sub-19 s\u00e3o tricampe\u00f5es europeus (FPP)<\/p>\n<p>J\u00e1 o capit\u00e3o Tom\u00e1s Santos, autor do \u00faltimo golo, destacou o esp\u00edrito de uni\u00e3o: \u00abEstou muito orgulhoso de ter sido capit\u00e3o desta incr\u00edvel equipa, \u00e9 uma fam\u00edlia enorme. Penso que somos, claramente, justos vencedores, desde o primeiro jogo que demonstramos que \u00e9ramos a equipa mais forte, a mais unida, a mais coesa e acho que foi isso que nos fez levar ao sucesso coletivo. Agora \u00e9 festejar!\u00bb Com este triunfo, Portugal soma o 22.\u00ba t\u00edtulo europeu de sub-19, aproximando-se dos 24 da Espanha, l\u00edder do historial da competi\u00e7\u00e3o. It\u00e1lia, a terceira pot\u00eancia, segue bem mais atr\u00e1s, com oito. Mais um cap\u00edtulo dourado para o h\u00f3quei portugu\u00eas.<\/p>\n","protected":false},"excerpt":{"rendered":"Portugal voltou a brilhar no h\u00f3quei em patins e sagrou-se este s\u00e1bado tricampe\u00e3o europeu de sub-19, ao derrotar&hellip;\n","protected":false},"author":2,"featured_media":52502,"comment_status":"","ping_status":"","sticky":false,"template":"","format":"standard","meta":{"footnotes":""},"categories":[87],"tags":[135,32,33,134],"class_list":{"0":"post-52501","1":"post","2":"type-post","3":"status-publish","4":"format-standard","5":"has-post-thumbnail","7":"category-desporto","8":"tag-desporto","9":"tag-portugal","10":"tag-pt","11":"tag-sports"},"share_on_mastodon":{"url":"","error":""},"_links":{"self":[{"href":"https:\/\/www.europesays.com\/pt\/wp-json\/wp\/v2\/posts\/52501","targetHints":{"allow":["GET"]}}],"collection":[{"href":"https:\/\/www.europesays.com\/pt\/wp-json\/wp\/v2\/posts"}],"about":[{"href":"https:\/\/www.europesays.com\/pt\/wp-json\/wp\/v2\/types\/post"}],"author":[{"embeddable":true,"href":"https:\/\/www.europesays.com\/pt\/wp-json\/wp\/v2\/users\/2"}],"replies":[{"embeddable":true,"href":"https:\/\/www.europesays.com\/pt\/wp-json\/wp\/v2\/comments?post=52501"}],"version-history":[{"count":0,"href":"https:\/\/www.europesays.com\/pt\/wp-json\/wp\/v2\/posts\/52501\/revisions"}],"wp:featuredmedia":[{"embeddable":true,"href":"https:\/\/www.europesays.com\/pt\/wp-json\/wp\/v2\/media\/52502"}],"wp:attachment":[{"href":"https:\/\/www.europesays.com\/pt\/wp-json\/wp\/v2\/media?parent=52501"}],"wp:term":[{"taxonomy":"category","embeddable":true,"href":"https:\/\/www.europesays.com\/pt\/wp-json\/wp\/v2\/categories?post=52501"},{"taxonomy":"post_tag","embeddable":true,"href":"https:\/\/www.europesays.com\/pt\/wp-json\/wp\/v2\/tags?post=52501"}],"curies":[{"name":"wp","href":"https:\/\/api.w.org\/{rel}","templated":true}]}}