{"id":52516,"date":"2025-08-31T10:57:06","date_gmt":"2025-08-31T10:57:06","guid":{"rendered":"https:\/\/www.europesays.com\/pt\/52516\/"},"modified":"2025-08-31T10:57:06","modified_gmt":"2025-08-31T10:57:06","slug":"kiwior-ja-esta-em-portugal-para-ser-oficializado-como-reforco-do-fc-porto-o-jogo","status":"publish","type":"post","link":"https:\/\/www.europesays.com\/pt\/52516\/","title":{"rendered":"Kiwior j\u00e1 est\u00e1 em Portugal para ser oficializado como refor\u00e7o do FC Porto &#8211; O Jogo"},"content":{"rendered":"<ol>\n<li><a href=\"https:\/\/news.google.com\/rss\/articles\/CBMiqgFBVV95cUxPTEE4a1pac2VBT2FwX3NsZTJhM241TXhPal9ZMFNTRjhJcHRWbDBkMk0yczZXM2NBbnRQM1Azcm9BenRsOU85emJBLVNKd0QzdnRmR2lqeVZ0N2RzYVFNbllnbGJlTjI5cG40OTZIdG9sNnRETlhidVJ0U0FRYUpLTkJrVUt5dDl0cU1kanZiQ3AyeDZzUmhaZDRDeFZaVTNrTWVhRzBXcDhDdw?oc=5\" target=\"_blank\" rel=\"nofollow noopener\">Kiwior j\u00e1 est\u00e1 em Portugal para ser oficializado como refor\u00e7o do FC Porto<\/a>&nbsp;&nbsp;O Jogo<\/li>\n<li><a href=\"https:\/\/news.google.com\/rss\/articles\/CBMijwFBVV95cUxOQlVrNUlOTlhIWHRCM1p2YkdiSHFybkxkX2ZXX2tfYThkY3phNFBPczVnaFdvOThyR3RmTnY1Ukd5b2FSMUx1V1haWHpNVU5JdjV1N0ctbEhnaGREYTVUcmlmam82aUdUUW1GMTAzbGREX1kwX3pmVHBYajRscHVIaXNWdVNuX2l3TzVXUjJRVQ?oc=5\" target=\"_blank\" rel=\"nofollow noopener\">FC Porto fecha contrata\u00e7\u00e3o de Kiwior<\/a>&nbsp;&nbsp;A Bola<\/li>\n<li><a href=\"https:\/\/news.google.com\/rss\/articles\/CBMitwFBVV95cUxQWnhPR1hEWWlkaFV2OV85cjd2OXVia2J6RExTQWJUUTYxdzYtS3dKb0F1WDlKRTFCUm5PVVdNTnZQaFh3Z3BmVUNQUlBmUTNNMEJpc1dZbjEtSXpKR0pWZEZ3TGJHSG5zOFoxSGNFNDJBSnIyQTdjYVdZZTd1NUN3ZWEzREtCZGFHNHVnbWVKQ0p2YUdMZUNDOU5CaExVcVR5UWhqNDUwNGx2S0RDQXVYRHpwdlhyQ1k?oc=5\" target=\"_blank\" rel=\"nofollow noopener\">Kiwior chega ao F.C.Porto e traz mulher estrela do twerk<\/a>&nbsp;&nbsp;Jornal de Not\u00edcias<\/li>\n<li><a href=\"https:\/\/news.google.com\/rss\/articles\/CBMi4gFBVV95cUxQSTZzUnp5dTlsek9kS3ZxMjB1NldmcjNfamUtVk14SjV3dE9XZ0RkY0tFMkFCZmNHbF9NT3I0OEVJM29UbmJ2d3p0ek5KWW5tOWU3UjJNaG1wTTNhS0NtVkxlYjBnVldkYWplanJnQkJkYzBLZW56YVk1MWtVZWh6NGNMRmtlMGQ4c2JBYXhWWEptNW9CVHMyU2t6Q2tZU0YwNGRkRlJ5dmVsb3BZeUZ0NjFRWXNDMW1TZmR3Y1BGQTZvRnlTRy1mOC1mNUdjSFlDRGsyU3pIV0daTkRpOEgyX2F3?oc=5\" target=\"_blank\" rel=\"nofollow noopener\">J\u00e1 est\u00e1 em Portugal e com exames m\u00e9dicos realizados o pr\u00f3ximo refor\u00e7o milion\u00e1rio do FC Porto<\/a>&nbsp;&nbsp;Bola na Rede<\/li>\n<li><a href=\"https:\/\/news.google.com\/rss\/articles\/CBMihAFBVV95cUxPbXpCNjlCZU94aE5IUS1QMDZuR0lMZ1ZENUtBN2ZnX2RGZ2VvRUFYbmI5S0hTUElSRVdjVko1UGk0bVNBYXk0dVVYbE85ajJqeDdKMzJCZ0piX3h6MmI2N2w4TnpWNjFCWHF6YVhBLXE5UHk2UGNpbUM3ZFRnRHlSWU41cGc?oc=5\" target=\"_blank\" rel=\"nofollow noopener\">Oviedo fez nova abordagem por Zaidu<\/a>&nbsp;&nbsp;OneFootball<\/li>\n<\/ol>\n","protected":false},"excerpt":{"rendered":"Kiwior j\u00e1 est\u00e1 em Portugal para ser oficializado como refor\u00e7o do FC Porto&nbsp;&nbsp;O Jogo FC Porto fecha contrata\u00e7\u00e3o&hellip;\n","protected":false},"author":2,"featured_media":50306,"comment_status":"","ping_status":"","sticky":false,"template":"","format":"standard","meta":{"footnotes":""},"categories":[87],"tags":[135,32,33,134],"class_list":{"0":"post-52516","1":"post","2":"type-post","3":"status-publish","4":"format-standard","5":"has-post-thumbnail","7":"category-desporto","8":"tag-desporto","9":"tag-portugal","10":"tag-pt","11":"tag-sports"},"share_on_mastodon":{"url":"","error":""},"_links":{"self":[{"href":"https:\/\/www.europesays.com\/pt\/wp-json\/wp\/v2\/posts\/52516","targetHints":{"allow":["GET"]}}],"collection":[{"href":"https:\/\/www.europesays.com\/pt\/wp-json\/wp\/v2\/posts"}],"about":[{"href":"https:\/\/www.europesays.com\/pt\/wp-json\/wp\/v2\/types\/post"}],"author":[{"embeddable":true,"href":"https:\/\/www.europesays.com\/pt\/wp-json\/wp\/v2\/users\/2"}],"replies":[{"embeddable":true,"href":"https:\/\/www.europesays.com\/pt\/wp-json\/wp\/v2\/comments?post=52516"}],"version-history":[{"count":0,"href":"https:\/\/www.europesays.com\/pt\/wp-json\/wp\/v2\/posts\/52516\/revisions"}],"wp:featuredmedia":[{"embeddable":true,"href":"https:\/\/www.europesays.com\/pt\/wp-json\/wp\/v2\/media\/50306"}],"wp:attachment":[{"href":"https:\/\/www.europesays.com\/pt\/wp-json\/wp\/v2\/media?parent=52516"}],"wp:term":[{"taxonomy":"category","embeddable":true,"href":"https:\/\/www.europesays.com\/pt\/wp-json\/wp\/v2\/categories?post=52516"},{"taxonomy":"post_tag","embeddable":true,"href":"https:\/\/www.europesays.com\/pt\/wp-json\/wp\/v2\/tags?post=52516"}],"curies":[{"name":"wp","href":"https:\/\/api.w.org\/{rel}","templated":true}]}}