{"id":52527,"date":"2025-08-31T11:05:15","date_gmt":"2025-08-31T11:05:15","guid":{"rendered":"https:\/\/www.europesays.com\/pt\/52527\/"},"modified":"2025-08-31T11:05:15","modified_gmt":"2025-08-31T11:05:15","slug":"adeptos-do-fc-porto-partem-vidros-da-caixa-de-seguranca-17-adeptos-do-sporting-feridos","status":"publish","type":"post","link":"https:\/\/www.europesays.com\/pt\/52527\/","title":{"rendered":"Adeptos do FC Porto partem vidros da caixa de seguran\u00e7a, 17 adeptos do Sporting feridos"},"content":{"rendered":"<p>Os adeptos do FC Porto festejaram de forma t\u00e3o intensa que conseguiram partir os vidros da caixa de seguran\u00e7a do Est\u00e1dio de Alvalade, onde geralmente ficam os apoiantes da equipa visitante.<\/p>\n<p>O problema \u00e9 que \u00e0 medida que iam partindo mais e mais vidros, os mesmo ca\u00edam para a bancada de baixo, onde estavam adeptos do Sporting: a maior parte deles, em fam\u00edlia, numa bancada mais tranquila.<\/p>\n<p>Ora os adeptos leoninos foram atingidos pelos vidros e tiveram de ser transportados para a enfermaria de Alvalade.<\/p>\n<p>Quando o jogo terminou, ainda havia v\u00e1rios \u00e0 espera de ser atendidos, enquanto outros sa\u00edam com pensos na cabe\u00e7a, nos bra\u00e7os ou at\u00e9 todos ensanguentados.<\/p>\n<p>Isso mesmo foi confirmado por fonte do Sporting.<\/p>\n<p>\u00abO Sporting confirma que adeptos visitantes partiram dois vidros no setor B19, \u00e1rea reservada \u00e0 equipa advers\u00e1ria. No total, 17 pessoas receberam assist\u00eancia m\u00e9dica, 16 no interior do est\u00e1dio e uma no exterior, pelo INEM\u00bb, referiu a fonte leonina.\u00a0<\/p>\n<p>\u00abO clube sublinha que est\u00e1 a acompanhar de perto a situa\u00e7\u00e3o cl\u00ednica de todos os feridos e que a estrutura em causa cumpre com as regulamenta\u00e7\u00f5es de seguran\u00e7a.\u00bb<\/p>\n<p>Refira-se, por fim, que assim que come\u00e7aram a cair vidros, grande parte dos adeptos que estavam na bancada por debaixo da caixa de seguran\u00e7a para as claques advers\u00e1rias acabou por sair e a bancada ficou com uma grande clareira.<\/p>\n","protected":false},"excerpt":{"rendered":"Os adeptos do FC Porto festejaram de forma t\u00e3o intensa que conseguiram partir os vidros da caixa de&hellip;\n","protected":false},"author":2,"featured_media":52528,"comment_status":"","ping_status":"","sticky":false,"template":"","format":"standard","meta":{"footnotes":""},"categories":[8],"tags":[15280,9231,15281,27,28,282,15,16,2237,14,25,26,36,21,22,46,12,13,19,20,4499,32,23,24,33,47,34,17,18,29,30,31,15269],"class_list":{"0":"post-52527","1":"post","2":"type-post","3":"status-publish","4":"format-standard","5":"has-post-thumbnail","7":"category-principais-noticias","8":"tag-17-adeptos","9":"tag-adeptos","10":"tag-adeptos-porto","11":"tag-breaking-news","12":"tag-breakingnews","13":"tag-fc-porto","14":"tag-featured-news","15":"tag-featurednews","16":"tag-feridos","17":"tag-headlines","18":"tag-latest-news","19":"tag-latestnews","20":"tag-liga","21":"tag-main-news","22":"tag-mainnews","23":"tag-maisfutebol","24":"tag-news","25":"tag-noticias","26":"tag-noticias-principais","27":"tag-noticiasprincipais","28":"tag-partidos","29":"tag-portugal","30":"tag-principais-noticias","31":"tag-principaisnoticias","32":"tag-pt","33":"tag-pura-paixao","34":"tag-sporting","35":"tag-top-stories","36":"tag-topstories","37":"tag-ultimas","38":"tag-ultimas-noticias","39":"tag-ultimasnoticias","40":"tag-vidros"},"share_on_mastodon":{"url":"","error":""},"_links":{"self":[{"href":"https:\/\/www.europesays.com\/pt\/wp-json\/wp\/v2\/posts\/52527","targetHints":{"allow":["GET"]}}],"collection":[{"href":"https:\/\/www.europesays.com\/pt\/wp-json\/wp\/v2\/posts"}],"about":[{"href":"https:\/\/www.europesays.com\/pt\/wp-json\/wp\/v2\/types\/post"}],"author":[{"embeddable":true,"href":"https:\/\/www.europesays.com\/pt\/wp-json\/wp\/v2\/users\/2"}],"replies":[{"embeddable":true,"href":"https:\/\/www.europesays.com\/pt\/wp-json\/wp\/v2\/comments?post=52527"}],"version-history":[{"count":0,"href":"https:\/\/www.europesays.com\/pt\/wp-json\/wp\/v2\/posts\/52527\/revisions"}],"wp:featuredmedia":[{"embeddable":true,"href":"https:\/\/www.europesays.com\/pt\/wp-json\/wp\/v2\/media\/52528"}],"wp:attachment":[{"href":"https:\/\/www.europesays.com\/pt\/wp-json\/wp\/v2\/media?parent=52527"}],"wp:term":[{"taxonomy":"category","embeddable":true,"href":"https:\/\/www.europesays.com\/pt\/wp-json\/wp\/v2\/categories?post=52527"},{"taxonomy":"post_tag","embeddable":true,"href":"https:\/\/www.europesays.com\/pt\/wp-json\/wp\/v2\/tags?post=52527"}],"curies":[{"name":"wp","href":"https:\/\/api.w.org\/{rel}","templated":true}]}}