{"id":52538,"date":"2025-08-31T11:14:15","date_gmt":"2025-08-31T11:14:15","guid":{"rendered":"https:\/\/www.europesays.com\/pt\/52538\/"},"modified":"2025-08-31T11:14:15","modified_gmt":"2025-08-31T11:14:15","slug":"chef-gordon-ramsay-submetido-a-tratamento-para-remocao-de-cancro-de-pele","status":"publish","type":"post","link":"https:\/\/www.europesays.com\/pt\/52538\/","title":{"rendered":"Chef Gordon Ramsay submetido a tratamento para remo\u00e7\u00e3o de cancro de pele"},"content":{"rendered":"<p>\t                O famoso chef brit\u00e2nico recorreu \u00e0s suas redes sociais para agradecer aos \u201cincr\u00edveis\u201d profissionais de sa\u00fade e alertar os seus f\u00e3s para a necessidade de se protegerem do sol<\/p>\n<p>Gordon Ramsay, o chef brit\u00e2nico mundialmente conhecido pela sua participa\u00e7\u00e3o em programas como \u201cHell\u2019s Kitchen\u201d, \u201cMaster Chef\u201d e \u201cKitchen Nightmares\u201d, anunciou nas suas redes sociais que foi submetido a um tratamento para remover um cancro de pele, deixando ainda um agradecimento aos \u201cincr\u00edveis\u201d profissionais de sa\u00fade pelos seus esfor\u00e7os e lembrando os seus seguidores da import\u00e2ncia de usar prote\u00e7\u00e3o solar.<\/p>\n<p>Numa publica\u00e7\u00e3o no Instagram d\u00e1 conta da remo\u00e7\u00e3o de um carcinoma basocelular &#8211; o tipo mais comum de cancro de pele, desenvolvido em superf\u00edcies expostas \u00e0 luz solar \u2013 e divulga imagens onde surge com curativos abaixo da orelha.<\/p>\n<blockquote class=\"instagram-media\" data-instgrm-captioned=\"\" data-instgrm-permalink=\"https:\/\/www.instagram.com\/p\/DN-LpjmDKaF\/?utm_source=ig_embed&amp;utm_campaign=loading\" data-instgrm-version=\"14\" style=\" background:#FFF; border:0; border-radius:3px; box-shadow:0 0 1px 0 rgba(0,0,0,0.5),0 1px 10px 0 rgba(0,0,0,0.15); margin: 1px; max-width:540px; min-width:326px; padding:0; width:99.375%; width:-webkit-calc(100% - 2px); width:calc(100% - 2px);\">\n<\/blockquote>\n<p>\u201cMuito agradecido \u00e0 incr\u00edvel equipa da The Skin Associates e ao seu trabalho r\u00e1pido e eficaz na remo\u00e7\u00e3o deste carcinoma basocelular, obrigado\u201d, l\u00ea-se na mesma publica\u00e7\u00e3o.<\/p>\n<p>\u201cPor favor, n\u00e3o se esque\u00e7am do protetor solar este fim de semana, prometo que n\u00e3o \u00e9 um lifting facial. Precisaria de um reembolso\u201d.<\/p>\n<p>Amigos famosos, entre eles o famoso \u201cJuiz Rinder\u201d do programa de televis\u00e3o com o mesmo nome, e a filha, Holly Anna Ramsay, manifestaram o seu apoio por meio de mensagens. Tamb\u00e9m a institui\u00e7\u00e3o Cancer Research UK escreveu nos coment\u00e1rios \u201cfico feliz em saber que est\u00e1 bem, Gordon, e obrigado por aumentar a consciencializa\u00e7\u00e3o sobre a import\u00e2ncia de se proteger do sol. Procure sombra, cubra-se e aplique protetor solar regularmente e generosamente\u201d.<\/p>\n<p>De acordo com o site da Liga Portuguesa Contra o Cancro, o carcinoma basocelular \u201ca agressividade destes tumores \u00e9 predominantemente local, com crescimento lento, atingindo com maior frequ\u00eancia o sexo masculino e indiv\u00edduos com mais de 40 anos\u201d.<\/p>\n<p>A sua incid\u00eancia, l\u00ea-se na informa\u00e7\u00e3o dispon\u00edvel na mesma plataforma, \u201c\u00e9 maior nos indiv\u00edduos de baixo fototipo, sendo a exposi\u00e7\u00e3o solar elevada um fator de risco\u201d.<\/p>\n<p>\t            <script async src=\"\/\/www.instagram.com\/embed.js\"><\/script><\/p>\n","protected":false},"excerpt":{"rendered":"O famoso chef brit\u00e2nico recorreu \u00e0s suas redes sociais para agradecer aos \u201cincr\u00edveis\u201d profissionais de sa\u00fade e alertar&hellip;\n","protected":false},"author":2,"featured_media":52539,"comment_status":"","ping_status":"","sticky":false,"template":"","format":"standard","meta":{"footnotes":""},"categories":[85],"tags":[609,836,611,27,15284,11370,607,608,333,832,604,135,610,476,114,115,6703,301,830,603,570,831,833,62,834,13,835,602,52,32,33,713,15283,117,29],"class_list":{"0":"post-52538","1":"post","2":"type-post","3":"status-publish","4":"format-standard","5":"has-post-thumbnail","7":"category-entretenimento","8":"tag-alerta","9":"tag-analise","10":"tag-ao-minuto","11":"tag-breaking-news","12":"tag-cancro-de-pele","13":"tag-chef","14":"tag-cnn","15":"tag-cnn-portugal","16":"tag-comentadores","17":"tag-costa","18":"tag-crime","19":"tag-desporto","20":"tag-direto","21":"tag-economia","22":"tag-entertainment","23":"tag-entretenimento","24":"tag-gordon-ramsay","25":"tag-governo","26":"tag-guerra","27":"tag-justica","28":"tag-live","29":"tag-mais-vistas","30":"tag-marcelo","31":"tag-mundo","32":"tag-negocios","33":"tag-noticias","34":"tag-opiniao","35":"tag-pais","36":"tag-politica","37":"tag-portugal","38":"tag-pt","39":"tag-reino-unido","40":"tag-remocao-de-cancro","41":"tag-saude","42":"tag-ultimas"},"share_on_mastodon":{"url":"","error":""},"_links":{"self":[{"href":"https:\/\/www.europesays.com\/pt\/wp-json\/wp\/v2\/posts\/52538","targetHints":{"allow":["GET"]}}],"collection":[{"href":"https:\/\/www.europesays.com\/pt\/wp-json\/wp\/v2\/posts"}],"about":[{"href":"https:\/\/www.europesays.com\/pt\/wp-json\/wp\/v2\/types\/post"}],"author":[{"embeddable":true,"href":"https:\/\/www.europesays.com\/pt\/wp-json\/wp\/v2\/users\/2"}],"replies":[{"embeddable":true,"href":"https:\/\/www.europesays.com\/pt\/wp-json\/wp\/v2\/comments?post=52538"}],"version-history":[{"count":0,"href":"https:\/\/www.europesays.com\/pt\/wp-json\/wp\/v2\/posts\/52538\/revisions"}],"wp:featuredmedia":[{"embeddable":true,"href":"https:\/\/www.europesays.com\/pt\/wp-json\/wp\/v2\/media\/52539"}],"wp:attachment":[{"href":"https:\/\/www.europesays.com\/pt\/wp-json\/wp\/v2\/media?parent=52538"}],"wp:term":[{"taxonomy":"category","embeddable":true,"href":"https:\/\/www.europesays.com\/pt\/wp-json\/wp\/v2\/categories?post=52538"},{"taxonomy":"post_tag","embeddable":true,"href":"https:\/\/www.europesays.com\/pt\/wp-json\/wp\/v2\/tags?post=52538"}],"curies":[{"name":"wp","href":"https:\/\/api.w.org\/{rel}","templated":true}]}}