{"id":52544,"date":"2025-08-31T11:18:40","date_gmt":"2025-08-31T11:18:40","guid":{"rendered":"https:\/\/www.europesays.com\/pt\/52544\/"},"modified":"2025-08-31T11:18:40","modified_gmt":"2025-08-31T11:18:40","slug":"homem-de-56-anos-morre-em-marvao-por-falhas-da-vmer-atualidade","status":"publish","type":"post","link":"https:\/\/www.europesays.com\/pt\/52544\/","title":{"rendered":"Homem de 56 anos morre em Marv\u00e3o por falhas da VMER &#8211; Atualidade"},"content":{"rendered":"<p>Segundo informa\u00e7\u00f5es do INEM, citadas pela <a href=\"https:\/\/sicnoticias.pt\/pais\/2025-08-29-video-homem-de-56-anos-morre-em-marvao-sem-socorro-da-vmer-estava-inoperacional-90a8aa38\" target=\"_blank\" rel=\"noopener noreferrer nofollow\">SIC Not\u00edcias<\/a>, os familiares contactaram de imediato o 112, perto da meia-noite. Uma ambul\u00e2ncia dos Bombeiros de Castelo de Vide deslocou-se para o local e iniciou manobras de suporte b\u00e1sico de vida. A v\u00edtima foi transportada para o Hospital de Portalegre, onde acabou por ser declarado o \u00f3bito.<\/p>\n<p>Miguel Lopes, da administra\u00e7\u00e3o da ULS Alto Alentejo, confirmou que a VMER de Portalegre estava inoperacional por falta de elemento m\u00e9dico, uma situa\u00e7\u00e3o recorrente na regi\u00e3o. S\u00f3 em agosto, j\u00e1 se registou outro caso semelhante: no dia 13, um homem morreu em Castelo de Vide durante um per\u00edodo em que a VMER tamb\u00e9m n\u00e3o estava dispon\u00edvel.<\/p>\n<p>Entre janeiro e julho deste ano, a viatura m\u00e9dica esteve inoperacional quase 500 horas, apesar de dever garantir cobertura 24 horas por dia. Miguel Lopes explica que a situa\u00e7\u00e3o \u00e9 consequ\u00eancia de dificuldades na fixa\u00e7\u00e3o e recrutamento de profissionais, agravadas durante os meses de f\u00e9rias de ver\u00e3o.<\/p>\n<p>Para tentar resolver a situa\u00e7\u00e3o, est\u00e1 marcada uma reuni\u00e3o de urg\u00eancia com o INEM para 2 de setembro, que poder\u00e1 envolver o refor\u00e7o da forma\u00e7\u00e3o VMER para m\u00e9dicos e enfermeiros, com o objetivo de garantir cobertura cont\u00ednua no distrito.<\/p>\n","protected":false},"excerpt":{"rendered":"Segundo informa\u00e7\u00f5es do INEM, citadas pela SIC Not\u00edcias, os familiares contactaram de imediato o 112, perto da meia-noite.&hellip;\n","protected":false},"author":2,"featured_media":52545,"comment_status":"","ping_status":"","sticky":false,"template":"","format":"standard","meta":{"footnotes":""},"categories":[10],"tags":[27,28,15,16,14,25,26,21,22,12,13,19,20,32,23,24,33,17,18,29,30,31],"class_list":{"0":"post-52544","1":"post","2":"type-post","3":"status-publish","4":"format-standard","5":"has-post-thumbnail","7":"category-portugal","8":"tag-breaking-news","9":"tag-breakingnews","10":"tag-featured-news","11":"tag-featurednews","12":"tag-headlines","13":"tag-latest-news","14":"tag-latestnews","15":"tag-main-news","16":"tag-mainnews","17":"tag-news","18":"tag-noticias","19":"tag-noticias-principais","20":"tag-noticiasprincipais","21":"tag-portugal","22":"tag-principais-noticias","23":"tag-principaisnoticias","24":"tag-pt","25":"tag-top-stories","26":"tag-topstories","27":"tag-ultimas","28":"tag-ultimas-noticias","29":"tag-ultimasnoticias"},"share_on_mastodon":{"url":"","error":""},"_links":{"self":[{"href":"https:\/\/www.europesays.com\/pt\/wp-json\/wp\/v2\/posts\/52544","targetHints":{"allow":["GET"]}}],"collection":[{"href":"https:\/\/www.europesays.com\/pt\/wp-json\/wp\/v2\/posts"}],"about":[{"href":"https:\/\/www.europesays.com\/pt\/wp-json\/wp\/v2\/types\/post"}],"author":[{"embeddable":true,"href":"https:\/\/www.europesays.com\/pt\/wp-json\/wp\/v2\/users\/2"}],"replies":[{"embeddable":true,"href":"https:\/\/www.europesays.com\/pt\/wp-json\/wp\/v2\/comments?post=52544"}],"version-history":[{"count":0,"href":"https:\/\/www.europesays.com\/pt\/wp-json\/wp\/v2\/posts\/52544\/revisions"}],"wp:featuredmedia":[{"embeddable":true,"href":"https:\/\/www.europesays.com\/pt\/wp-json\/wp\/v2\/media\/52545"}],"wp:attachment":[{"href":"https:\/\/www.europesays.com\/pt\/wp-json\/wp\/v2\/media?parent=52544"}],"wp:term":[{"taxonomy":"category","embeddable":true,"href":"https:\/\/www.europesays.com\/pt\/wp-json\/wp\/v2\/categories?post=52544"},{"taxonomy":"post_tag","embeddable":true,"href":"https:\/\/www.europesays.com\/pt\/wp-json\/wp\/v2\/tags?post=52544"}],"curies":[{"name":"wp","href":"https:\/\/api.w.org\/{rel}","templated":true}]}}