{"id":52570,"date":"2025-08-31T11:55:07","date_gmt":"2025-08-31T11:55:07","guid":{"rendered":"https:\/\/www.europesays.com\/pt\/52570\/"},"modified":"2025-08-31T11:55:07","modified_gmt":"2025-08-31T11:55:07","slug":"afonso-e-marta-juntaram-toda-a-familia-para-construir-uma-casa-de-ferias-em-coruche-nit","status":"publish","type":"post","link":"https:\/\/www.europesays.com\/pt\/52570\/","title":{"rendered":"Afonso e Marta juntaram toda a fam\u00edlia para construir uma casa de f\u00e9rias em Coruche \u2014 NiT"},"content":{"rendered":"<p>Durante quase tr\u00eas anos, Afonso e Marta Almeida Fernandes repetiram o mesmo programa todo os fins de semana. O arquiteto e a designer juntavam os quatro filhos, os amigos e familiares que conseguiam convencer e rumavam em dire\u00e7\u00e3o \u00e0 propriedade que compraram na vila de Coruche, no distrito de Santar\u00e9m, em 2022.<\/p>\n<p>Apesar de terem a vida inteira em Lisboa, perceberam que n\u00e3o conseguiam investir numa propriedade grande o suficiente nesta cidade para receber a fam\u00edlia inteira, por isso, procuraram outras op\u00e7\u00f5es nos arredores. Encontram um terreno abandonado a cerca de uma hora de dist\u00e2ncia \u2014 e n\u00e3o hesitaram.<\/p>\n<p>\u201cExistia uma ru\u00edna no terreno que foi toda reabilitada\u201d, come\u00e7a por contar \u00e0 NiT Afonso, de 45 anos. \u201cO processo de reabilita\u00e7\u00e3o foi muito interessante porque quando um arquiteto tem a possibilidade de desenhar a pr\u00f3pria casa, normalmente \u00e9 sempre um momento de sofrimento muito grande. H\u00e1 ali uma tela em branco que permite fazer tudo e mais alguma coisa.\u201d<\/p>\n<p>O casal trabalha em conjunto no gabinete que fundou em Lisboa, o Alfa Almeida Fernandes. O que significa que, em casa ou no trabalho, todos os detalhes deste projeto foram pensados e debatidos. <strong>No final de maio, a casa de f\u00e9rias Braciosa ficou finalmente conclu\u00edda \u2014 e come\u00e7ou a receber h\u00f3spedes pouco tempo depois. <\/strong><\/p>\n<p>A propriedade, que est\u00e1 totalmente inserida na natureza, tem quatro quartos (tr\u00eas na casa principal e um terceiro num anexo), uma cozinha interior e outra exterior, uma sala de estar e uma de jantar. Existe ainda uma piscina de sete metros e uma \u00e1rea para descanso ao ar livre.\u00a0<\/p>\n<p>\u201cAntigamente, pertencia a uma fam\u00edlia\u00a0que vivia da agricultura de subsist\u00eancia\u201d, explica Afonso Almeida Fernandes. \u201cEles plantavam arroz, entre outras coisas, e viviam do seu sustento. A propriedade foi constru\u00edda por eles, portanto, \u00e9 uma casa tradicional do Ribatejo, feita com materiais locais, como tijolo de burro e cobertura em madeira.\u201d<\/p>\n<p>Quando a fam\u00edlia comprou o terreno, a propriedade n\u00e3o tinha \u00e1gua, nem canaliza\u00e7\u00e3o \u2014 a antiga fam\u00edlia recorria a um po\u00e7o. \u201cQuisemos respeitar a ess\u00eancia do lugar, n\u00e3o s\u00f3 em rela\u00e7\u00e3o aos materiais, mas tamb\u00e9m nesta constru\u00e7\u00e3o muito aut\u00eantica e humilde.\u201d<\/p>\n<p><img decoding=\"async\" loading=\"lazy\" class=\"wp-image-1498801 size-full\" src=\"https:\/\/www.europesays.com\/pt\/wp-content\/uploads\/2025\/08\/e45d8df6902eb4743bee713419e0a0c5.jpeg\" alt=\"\" width=\"1600\" height=\"1067\"  \/>A casa principal e o anexo.<\/p>\n<p>Para reabilitar a casa e o anexo, o casal utilizou argama\u00e7as cal, sistemas construtivos sustent\u00e1veis e a corti\u00e7a como isolamento, em homenagem a Coruche, conhecida como a capital mundial deste material.<\/p>\n<p>\u201cFazia todo o sentido n\u00e3o s\u00f3 do ponto de vista da liga\u00e7\u00e3o \u00e0 terra, como tamb\u00e9m da sustentabilidade e efici\u00eancia energ\u00e9tica com materiais naturais.\u201d<\/p>\n<p><strong>A decora\u00e7\u00e3o do projeto foi pensada em conjunto com os quatro filhos, que t\u00eam entre 10 e 19 anos, amigos e familiares.<\/strong> \u201cH\u00e1 muitas pe\u00e7as de artes\u00e3os locais, como os candeeiros, e temos muitos pratos de barro tamb\u00e9m\u201d.<\/p>\n<p>Um dos destaques da casa \u00e9 um mural pintado pelo artista pl\u00e1stico e ilustrador Bruno Reis Santos, conhecido como Mantraste. \u201cEle fez uma esp\u00e9cie de baixo-relevo em algumas paredes com desenhos art\u00edsticos muito bonitos, a apelar \u00e0 natureza\u201d, frisa. \u201cTemos amigos pintores e ceramistas, a quem compr\u00e1mos ainda quadros e pe\u00e7as de cer\u00e2mica.\u201d<\/p>\n<p>O mobili\u00e1rio foi uma das maiores apostas do or\u00e7amento. Uma das parcerias do projeto foi com a Santo Infante, uma loja portuguesa de produtos de design.\u00a0<\/p>\n<p>Nos arredores da nova casa de f\u00e9rias, os h\u00f3spedes podem aproveitar para conhecer o centro de Coruche, que fica a menos de dez minutos de carro da propriedade. Naquela zona podem tamb\u00e9m encontrar v\u00e1rias atividades como passeios de bicicleta, a cavalo, canoagem, provas de vinho ou birdwatching.<\/p>\n<p>As di\u00e1rias na Braciosa custam 420\u20ac, tanto na \u00e9poca alta como na baixa. Este valor n\u00e3o inclui o servi\u00e7o de pequeno-almo\u00e7o. As reservas podem ser feitas <a href=\"https:\/\/www.booking.com\/hotel\/pt\/braciosa.pt-pt.html\" target=\"_blank\" rel=\"noopener nofollow\">online<\/a>.<\/p>\n<p>Carregue na galeria para ver algumas fotografias da nova casa de f\u00e9rias em Coruche.<\/p>\n<p>\tFICHA T\u00c9CNICA<\/p>\n<ul>\n<li><strong>MORADA<\/strong><br \/>Rua da Braciosa<br \/>2100-042\u00a0Santar\u00e9m<\/li>\n<\/ul>\n<p><strong>PRE\u00c7O M\u00c9DIO<\/strong><br \/>mais de 250\u20ac<\/p>\n","protected":false},"excerpt":{"rendered":"Durante quase tr\u00eas anos, Afonso e Marta Almeida Fernandes repetiram o mesmo programa todo os fins de semana.&hellip;\n","protected":false},"author":2,"featured_media":52571,"comment_status":"","ping_status":"","sticky":false,"template":"","format":"standard","meta":{"footnotes":""},"categories":[144],"tags":[207,205,206,203,201,202,204,114,115,32,33],"class_list":{"0":"post-52570","1":"post","2":"type-post","3":"status-publish","4":"format-standard","5":"has-post-thumbnail","7":"category-arte-e-design","8":"tag-arte","9":"tag-arte-e-design","10":"tag-artedesign","11":"tag-arts","12":"tag-arts-and-design","13":"tag-artsanddesign","14":"tag-design","15":"tag-entertainment","16":"tag-entretenimento","17":"tag-portugal","18":"tag-pt"},"share_on_mastodon":{"url":"","error":""},"_links":{"self":[{"href":"https:\/\/www.europesays.com\/pt\/wp-json\/wp\/v2\/posts\/52570","targetHints":{"allow":["GET"]}}],"collection":[{"href":"https:\/\/www.europesays.com\/pt\/wp-json\/wp\/v2\/posts"}],"about":[{"href":"https:\/\/www.europesays.com\/pt\/wp-json\/wp\/v2\/types\/post"}],"author":[{"embeddable":true,"href":"https:\/\/www.europesays.com\/pt\/wp-json\/wp\/v2\/users\/2"}],"replies":[{"embeddable":true,"href":"https:\/\/www.europesays.com\/pt\/wp-json\/wp\/v2\/comments?post=52570"}],"version-history":[{"count":0,"href":"https:\/\/www.europesays.com\/pt\/wp-json\/wp\/v2\/posts\/52570\/revisions"}],"wp:featuredmedia":[{"embeddable":true,"href":"https:\/\/www.europesays.com\/pt\/wp-json\/wp\/v2\/media\/52571"}],"wp:attachment":[{"href":"https:\/\/www.europesays.com\/pt\/wp-json\/wp\/v2\/media?parent=52570"}],"wp:term":[{"taxonomy":"category","embeddable":true,"href":"https:\/\/www.europesays.com\/pt\/wp-json\/wp\/v2\/categories?post=52570"},{"taxonomy":"post_tag","embeddable":true,"href":"https:\/\/www.europesays.com\/pt\/wp-json\/wp\/v2\/tags?post=52570"}],"curies":[{"name":"wp","href":"https:\/\/api.w.org\/{rel}","templated":true}]}}