{"id":52587,"date":"2025-08-31T12:11:12","date_gmt":"2025-08-31T12:11:12","guid":{"rendered":"https:\/\/www.europesays.com\/pt\/52587\/"},"modified":"2025-08-31T12:11:12","modified_gmt":"2025-08-31T12:11:12","slug":"com-portinari-mostra-recria-casa-modernista-de-1950-em-sp-31-08-2025-passeios","status":"publish","type":"post","link":"https:\/\/www.europesays.com\/pt\/52587\/","title":{"rendered":"Com Portinari, mostra recria casa modernista de 1950 em SP &#8211; 31\/08\/2025 &#8211; Passeios"},"content":{"rendered":"<p>                            31\/08\/2025<\/p>\n<p>                              <img decoding=\"async\" src=\"https:\/\/f.i.uol.com.br\/guia\/3\/furniture\/images\/icons\/clock.svg\" alt=\"Hor\u00e1rio\" class=\"news__icon-clock c-lazyload\"\/><\/p>\n<p>                              7h00<\/p>\n<p>\n<strong class=\"c-signature__location\">S\u00e3o Paulo<\/strong>\n<\/p>\n<p>A Funda\u00e7\u00e3o Maria Luisa e Oscar Americano, no Morumbi, inaugura neste domingo (31) a <a href=\"https:\/\/guia.folha.uol.com.br\/passeios\/2025\/08\/ultimos-dias-para-visitar-a-exposicao-de-andy-warhol-em-sp-veja-como-ir.shtml\" rel=\"nofollow noopener\" target=\"\">exposi\u00e7\u00e3o<\/a> &#8220;Um <a href=\"https:\/\/www1.folha.uol.com.br\/ilustrada\/2023\/07\/como-cadeiras-modernistas-deram-o-pontape-inicial-no-design-feito-no-brasil.shtml\" rel=\"nofollow noopener\" target=\"\">Design Brasileiro<\/a> nos Anos 1950: Linhas de uma Casa <a href=\"https:\/\/fotografia.folha.uol.com.br\/galerias\/1724385792573466-conheca-10-lugares-para-entender-o-modernismo-em-sao-paulo\" rel=\"nofollow noopener\" target=\"\">Modernista<\/a>&#8220;. A mostra recria o ambiente projetado por Oswaldo Bratke no qual o casal que d\u00e1 nome \u00e0 institui\u00e7\u00e3o morou com os filhos durante 20 anos.<\/p>\n<p>Com curadoria de Celso Lima, a exposi\u00e7\u00e3o destaca a <a href=\"https:\/\/guia.folha.uol.com.br\/passeios\/2021\/01\/conheca-roteiro-para-desbravar-o-melhor-da-arquitetura-de-sao-paulo.shtml#news__error\" rel=\"nofollow noopener\" target=\"\">arquitetura<\/a> e o design t\u00eaxtil da decora\u00e7\u00e3o da \u00e9poca. Objetos originais pertencentes ao acervo da fam\u00edlia e ao projeto do interior fazem parte da reconstru\u00e7\u00e3o.<\/p>\n<p>Dentre os originais est\u00e3o telas de Candido Portinari e Di Cavalcanti, presentes em uma parede que \u00e9 dedicada \u00e0 pintura modernista da \u00e9poca. Obras de Lasar Segall, Victor Brecheret, Cl\u00f3vis Graciano e Alberto da Veiga Guignard tamb\u00e9m est\u00e3o presentes. Ao lado, exp\u00f5e-se o biombo criado por Regina Gomide Graz e cedido pela Cole\u00e7\u00e3o Ivani e Jorge Yunes.<\/p>\n<p>A reconstru\u00e7\u00e3o da resid\u00eancia tamb\u00e9m destaca duas poltronas M1, replicadas pela Etel Design e originalmente criadas em 1955 pelo est\u00fadio Branco&amp;Preto. O grupo criou pe\u00e7as para o mobili\u00e1rio do ambiente original, al\u00e9m de contribuir com os tecidos usados em pe\u00e7as, cortinas, almofadas e colchas.<\/p>\n<p>O uso de madeiras nacionais, de estampas geom\u00e9tricas e listradas e de padr\u00f5es t\u00eaxteis xilogr\u00e1ficos que evocam aspectos da cultura do Brasil, faz parte a est\u00e9tica do modernismo na arquitetura e no design brasileiros depois da Segunda Guerra Mundial.<\/p>\n<p>A resid\u00eancia integra o conjunto modernista do paisagismo de Ot\u00e1vio Augusto Teixeira Mendes no parque onde fica a funda\u00e7\u00e3o.<\/p>\n<p>Funda\u00e7\u00e3o Maria Luisa e Oscar Americano &#8211; av. Morumbi, 4.077, Morumbi, regi\u00e3o oeste. Estreia: dom. (31), \u00e0s 13h. At\u00e9 mar\u00e7o de 2026. Ter. a dom., das 10h \u00e0s 17h30. Ingr.: R$ 40 no <a href=\"https:\/\/www.fundacaooscaramericano.org.br\/\" target=\"_blank\" rel=\"nofollow noopener\">site<\/a> ou gr\u00e1tis \u00e0s ter\u00e7as-feiras<\/p>\n","protected":false},"excerpt":{"rendered":"31\/08\/2025 7h00 S\u00e3o Paulo A Funda\u00e7\u00e3o Maria Luisa e Oscar Americano, no Morumbi, inaugura neste domingo (31) a&hellip;\n","protected":false},"author":2,"featured_media":52588,"comment_status":"","ping_status":"","sticky":false,"template":"","format":"standard","meta":{"footnotes":""},"categories":[144],"tags":[207,205,206,203,201,202,204,114,115,1742,761,15290,15291,32,33,1741,1740],"class_list":{"0":"post-52587","1":"post","2":"type-post","3":"status-publish","4":"format-standard","5":"has-post-thumbnail","7":"category-arte-e-design","8":"tag-arte","9":"tag-arte-e-design","10":"tag-artedesign","11":"tag-arts","12":"tag-arts-and-design","13":"tag-artsanddesign","14":"tag-design","15":"tag-entertainment","16":"tag-entretenimento","17":"tag-exposio","18":"tag-guia-folha","19":"tag-modernismo","20":"tag-portinari","21":"tag-portugal","22":"tag-pt","23":"tag-so-paulo","24":"tag-so-paulo-estado"},"share_on_mastodon":{"url":"","error":""},"_links":{"self":[{"href":"https:\/\/www.europesays.com\/pt\/wp-json\/wp\/v2\/posts\/52587","targetHints":{"allow":["GET"]}}],"collection":[{"href":"https:\/\/www.europesays.com\/pt\/wp-json\/wp\/v2\/posts"}],"about":[{"href":"https:\/\/www.europesays.com\/pt\/wp-json\/wp\/v2\/types\/post"}],"author":[{"embeddable":true,"href":"https:\/\/www.europesays.com\/pt\/wp-json\/wp\/v2\/users\/2"}],"replies":[{"embeddable":true,"href":"https:\/\/www.europesays.com\/pt\/wp-json\/wp\/v2\/comments?post=52587"}],"version-history":[{"count":0,"href":"https:\/\/www.europesays.com\/pt\/wp-json\/wp\/v2\/posts\/52587\/revisions"}],"wp:featuredmedia":[{"embeddable":true,"href":"https:\/\/www.europesays.com\/pt\/wp-json\/wp\/v2\/media\/52588"}],"wp:attachment":[{"href":"https:\/\/www.europesays.com\/pt\/wp-json\/wp\/v2\/media?parent=52587"}],"wp:term":[{"taxonomy":"category","embeddable":true,"href":"https:\/\/www.europesays.com\/pt\/wp-json\/wp\/v2\/categories?post=52587"},{"taxonomy":"post_tag","embeddable":true,"href":"https:\/\/www.europesays.com\/pt\/wp-json\/wp\/v2\/tags?post=52587"}],"curies":[{"name":"wp","href":"https:\/\/api.w.org\/{rel}","templated":true}]}}