{"id":52594,"date":"2025-08-31T12:17:40","date_gmt":"2025-08-31T12:17:40","guid":{"rendered":"https:\/\/www.europesays.com\/pt\/52594\/"},"modified":"2025-08-31T12:17:40","modified_gmt":"2025-08-31T12:17:40","slug":"imagem-da-ilha-florianopolis-10","status":"publish","type":"post","link":"https:\/\/www.europesays.com\/pt\/52594\/","title":{"rendered":"Imagem da Ilha | Florian\u00f3polis"},"content":{"rendered":"<p>Publicado em <strong>31\/08\/2025<\/strong><\/p>\n<p style=\"text-align: justify;\">Em tempos de acesso imediato a not\u00edcias, redes sociais e mensagens de trabalho, muitas pessoas sentem-se sobrecarregadas, ansiosas e mentalmente exaustas. Especialmente quando se trata de not\u00edcias relacionadas a temas pesados como guerras, crimes, abuso ou viol\u00eancia contra crian\u00e7as etc.<\/p>\n<p style=\"text-align: justify;\"><strong><a href=\"https:\/\/imagemdailha.com.br\/noticias\/femina\/cultura-do-sempre-ligado-drena-energia-e-foco.html\" rel=\"nofollow noopener\" target=\"_blank\">Cultura do &#8216;sempre ligado&#8217; drena energia e foco<\/a><\/strong><\/p>\n<p style=\"text-align: justify;\">Segundo\u00a0Danielle Admoni, psiquiatra geral e psiquiatra da infa\u0302ncia e adolesc\u00eancia, o excesso de informa\u00e7\u00e3o pode prejudicar a sa\u00fade mental e interferir na concentra\u00e7\u00e3o, no sono e nas rela\u00e7\u00f5es pessoais.\u00a0\u201cEstamos vivendo um per\u00edodo em que somos constantemente bombardeados por informa\u00e7\u00f5es, muitas vezes negativas ou conflitantes. Isso pode gerar estresse cr\u00f4nico, ansiedade e at\u00e9 sintomas depressivos\u201d, explica a psiquiatra.<\/p>\n<p style=\"text-align: justify;\">Esse fen\u00f4meno de prolifera\u00e7\u00e3o r\u00e1pida e descontrolada de informa\u00e7\u00f5es \u00e9 conhecido como\u00a0infodemia\u00a0e afeta crian\u00e7as, adolescentes e adultos, tornando fundamental criar limites e h\u00e1bitos saud\u00e1veis no consumo de conte\u00fado.<\/p>\n<p style=\"text-align: justify;\">Estudos mostram a rela\u00e7\u00e3o entre redes sociais e transtornos menta<\/p>\n<p>Um estudo publicado em mar\u00e7o de 2025 na revista cient\u00edfica\u00a0International Journal of Innovative Research and Scientific Studies\u00a0investigou a rela\u00e7\u00e3o entre o uso de redes sociais, sobrecarga de informa\u00e7\u00f5es e transtornos mentais (estresse, ansiedade e depress\u00e3o) em estudantes universit\u00e1rios.<\/p>\n<p style=\"text-align: justify;\">A pesquisa revelou que o uso excessivo de redes sociais e a sobrecarga de informa\u00e7\u00f5es est\u00e3o associados a n\u00edveis mais elevados de estresse, ansiedade e depress\u00e3o. O estudo destaca a necessidade de abordagens para mitigar esses impactos adversos, enfatizando a import\u00e2ncia de estrat\u00e9gias para reduzir a sobrecarga de informa\u00e7\u00f5es e promover o bem-estar mental dos estudantes.<\/p>\n<p style=\"text-align: justify;\">Veja dicas para reduzir o impacto do excesso de informa\u00e7\u00e3o:<\/p>\n<p style=\"text-align: justify;\">&#8211; Estabelecer hor\u00e1rios espec\u00edficos e limitados para checar not\u00edcias e redes sociais.<br \/>&#13;<br \/>\n&#8211; Evitar o consumo de not\u00edcias antes de dormir.<br \/>&#13;<br \/>\n&#8211; Praticar atividades que promovam relaxamento, como exerc\u00edcios f\u00edsicos, leitura ou medita\u00e7\u00e3o.<br \/>&#13;<br \/>\n&#8211; Filtrar fontes confi\u00e1veis, evitando o compartilhamento de informa\u00e7\u00f5es duvidosas.<\/p>\n<p style=\"text-align: justify;\">\u201cN\u00e3o se trata de se desconectar completamente, mas de aprender a consumir informa\u00e7\u00e3o de forma consciente, preservando a sa\u00fade mental\u201d, refor\u00e7a a especialista.<\/p>\n<p style=\"text-align: justify;\">\u00a0<\/p>\n<p style=\"text-align: justify;\">\u00a0<\/p>\n<p style=\"text-align: justify;\">\u00a0<\/p>\n<p style=\"box-sizing: border-box; margin: 0px 0px 10px; padding: 0px; border: 0px; outline: none; font-size: 16px; vertical-align: baseline; color: rgb(102, 102, 102); line-height: 24px; font-family: &quot;Trebuchet MS&quot;, Arial, Tahoma;\">Da reda\u00e7\u00e3o<\/p>\n<p style=\"box-sizing: border-box; margin: 0px 0px 10px; padding: 0px; border: 0px; outline: none; font-size: 16px; vertical-align: baseline; color: rgb(102, 102, 102); line-height: 24px; font-family: &quot;Trebuchet MS&quot;, Arial, Tahoma;\">Para receber not\u00edcias,\u00a0clique\u00a0<a href=\"https:\/\/chat.whatsapp.com\/CFudj9vrDqCG5PX537SAuZ\" style=\"font-family: verdana, geneva, sans-serif; box-sizing: border-box; margin: 0px; padding: 0px; border: 0px; outline: none; text-decoration-line: none; color: rgb(168, 38, 39);\" rel=\"nofollow noopener\" target=\"_blank\">AQUI<\/a>\u00a0e fa\u00e7a\u00a0parte do Grupo de\u00a0WHATS do\u00a0Imagem da Ilha.<\/p>\n<p style=\"box-sizing: border-box; margin: 0px 0px 10px; padding: 0px; border: 0px; outline: none; font-size: 16px; vertical-align: baseline; color: rgb(102, 102, 102); line-height: 24px; font-family: &quot;Trebuchet MS&quot;, Arial, Tahoma;\"><strong style=\"border:0px; box-sizing:border-box; font-weight:bold; margin:0px; outline:none; padding:0px; vertical-align:baseline\">Gostou deste conte\u00fado?\u00a0Compartilhe utilizando um dos \u00edcones abaixo!<\/strong><\/p>\n<p style=\"box-sizing: border-box; margin: 0px 0px 10px; padding: 0px; border: 0px; outline: none; font-size: 16px; vertical-align: baseline; color: rgb(102, 102, 102); line-height: 24px; font-family: &quot;Trebuchet MS&quot;, Arial, Tahoma;\"><strong style=\"border:0px; box-sizing:border-box; font-weight:bold; margin:0px; outline:none; padding:0px; vertical-align:baseline\">Pode ser no seu Face, Twitter ou WhatsApp!<\/strong><\/p>\n<p style=\"box-sizing: border-box; margin: 0px 0px 10px; padding: 0px; border: 0px; outline: none; font-size: 16px; vertical-align: baseline; color: rgb(102, 102, 102); line-height: 24px; font-family: &quot;Trebuchet MS&quot;, Arial, Tahoma;\">Para mais not\u00edcias,<strong style=\"border:0px; box-sizing:border-box; font-weight:bold; margin:0px; outline:none; padding:0px; vertical-align:baseline\">\u00a0clique<\/strong>\u00a0<a href=\"http:\/\/www.imagemdailha.com.br\/\" style=\"box-sizing: border-box; margin: 0px; padding: 0px; border: 0px; outline: none; text-decoration-line: none; color: rgb(168, 38, 39);\" rel=\"nofollow noopener\" target=\"_blank\">AQUI<\/a><\/p>\n","protected":false},"excerpt":{"rendered":"Publicado em 31\/08\/2025 Em tempos de acesso imediato a not\u00edcias, redes sociais e mensagens de trabalho, muitas pessoas&hellip;\n","protected":false},"author":2,"featured_media":52595,"comment_status":"","ping_status":"","sticky":false,"template":"","format":"standard","meta":{"footnotes":""},"categories":[86],"tags":[116,32,33,117],"class_list":{"0":"post-52594","1":"post","2":"type-post","3":"status-publish","4":"format-standard","5":"has-post-thumbnail","7":"category-saude","8":"tag-health","9":"tag-portugal","10":"tag-pt","11":"tag-saude"},"share_on_mastodon":{"url":"","error":""},"_links":{"self":[{"href":"https:\/\/www.europesays.com\/pt\/wp-json\/wp\/v2\/posts\/52594","targetHints":{"allow":["GET"]}}],"collection":[{"href":"https:\/\/www.europesays.com\/pt\/wp-json\/wp\/v2\/posts"}],"about":[{"href":"https:\/\/www.europesays.com\/pt\/wp-json\/wp\/v2\/types\/post"}],"author":[{"embeddable":true,"href":"https:\/\/www.europesays.com\/pt\/wp-json\/wp\/v2\/users\/2"}],"replies":[{"embeddable":true,"href":"https:\/\/www.europesays.com\/pt\/wp-json\/wp\/v2\/comments?post=52594"}],"version-history":[{"count":0,"href":"https:\/\/www.europesays.com\/pt\/wp-json\/wp\/v2\/posts\/52594\/revisions"}],"wp:featuredmedia":[{"embeddable":true,"href":"https:\/\/www.europesays.com\/pt\/wp-json\/wp\/v2\/media\/52595"}],"wp:attachment":[{"href":"https:\/\/www.europesays.com\/pt\/wp-json\/wp\/v2\/media?parent=52594"}],"wp:term":[{"taxonomy":"category","embeddable":true,"href":"https:\/\/www.europesays.com\/pt\/wp-json\/wp\/v2\/categories?post=52594"},{"taxonomy":"post_tag","embeddable":true,"href":"https:\/\/www.europesays.com\/pt\/wp-json\/wp\/v2\/tags?post=52594"}],"curies":[{"name":"wp","href":"https:\/\/api.w.org\/{rel}","templated":true}]}}