{"id":52621,"date":"2025-08-31T12:46:25","date_gmt":"2025-08-31T12:46:25","guid":{"rendered":"https:\/\/www.europesays.com\/pt\/52621\/"},"modified":"2025-08-31T12:46:25","modified_gmt":"2025-08-31T12:46:25","slug":"xi-jinping-narendra-modi-e-putin-voltam-a-alinhar-agendas-em-cimeira-na-china","status":"publish","type":"post","link":"https:\/\/www.europesays.com\/pt\/52621\/","title":{"rendered":"Xi Jinping, Narendra Modi e Putin voltam a alinhar agendas em cimeira na China"},"content":{"rendered":"<p>Os objetivos de Xi, Modi e Putin s\u00e3o diferentes, mas aproxima-os um denominador comum na cimeira da organiza\u00e7\u00e3o que nasceu como um bloco regional de seguran\u00e7a e que hoje pugna pelo chamado &#8220;esp\u00edrito de Xangai&#8221;, ou seja, confian\u00e7a m\u00fatua, igualdade, respeito pelas diversas civiliza\u00e7\u00f5es e busca de desenvolvimento comum. Um conjunto de princ\u00edpios a que quase qualquer estado pode aderir, ainda que a sua lideran\u00e7a n\u00e3o o respeite. <\/p>\n<p>Para Xi, a semana reveste-se de especial significado e que ter\u00e1 o seu auge com o desfile militar em Pequim, onde as for\u00e7as chinesas ir\u00e3o revelar armamento novo e fazer uma demonstra\u00e7\u00e3o de for\u00e7a. Em Tianjin, metr\u00f3pole de 14 milh\u00f5es de habitantes, o presidente chin\u00eas alcandora-se como o l\u00edder incontestado do mundo nos ant\u00edpodas \u2014 n\u00e3o s\u00f3 geogr\u00e1ficos \u2014 do Ocidente, ao defender a estabilidade, um mundo multipolar e alternativas pr\u00e1ticas \u00e0s taxas aduaneiras e san\u00e7\u00f5es dos Estados Unidos. <strong>\u201cO \u00fanico assunto que eles v\u00e3o discutir \u00e9 os Estados Unidos, as suas pol\u00edticas e as suas tarifas\u201d, disse \u00e0 CNN Sushant Singh<\/strong>, professor de estudos asi\u00e1ticos na Universidade de Yale.<\/p>\n<p>&#8220;A capacidade da Organiza\u00e7\u00e3o de Coopera\u00e7\u00e3o de Xangai de alcan\u00e7ar qualquer objetivo ser\u00e1 limitada enquanto os seus membros concordarem mais sobre aquilo a que se op\u00f5em do que aquilo que defendem&#8221;, escrevem em texto conjunto os investigadores do Australian Strategic Policy Institute Raji Rajagopalan e Alex Bristow e do subeditor do The Strategist. &#8220;Mas isso poder\u00e1 mudar se os EUA se afastarem ainda mais da ordem liberal do p\u00f3s-guerra que estabeleceram em fun\u00e7\u00e3o dos seus pr\u00f3prios interesses esclarecidos. Nesse sentido, o espectro de Trump far-se-\u00e1 sentir em Tianjin, mesmo que ele n\u00e3o tenha sido convidado para a festa&#8221;, concluem.<\/p>\n<p><strong>Desfile militar<\/strong><\/p>\n<p>Ap\u00f3s a cimeira, Xi preside na quarta-feira ao desfile militar que marca a capitula\u00e7\u00e3o formal do Jap\u00e3o na II Guerra Mundial. Na pra\u00e7a Tiananmen ter\u00e1 \u00e0 sua direita Vladimir Putin e \u00e0 sua esquerda o norte-coreano Kim Jong-un, e perto estar\u00e3o mais 24 l\u00edderes, alguns dos quais repetentes da cimeira de Tianjin. <strong>T\u00f3quio pediu aos governos dos pa\u00edses em que est\u00e1 representado para n\u00e3o aceitarem o convite, tendo alegado o tom antinip\u00f3nico das comemora\u00e7\u00f5es.<\/strong> Pequim denomina a II Guerra de &#8220;guerra de resist\u00eancia contra a agress\u00e3o japonesa&#8221; e &#8220;Guerra Mundial Antifascista&#8221;.  Por outro lado, os pa\u00edses europeus tamb\u00e9m sinalizaram que n\u00e3o iriam estar num evento junto de Putin. <strong>A romper a unidade da UE, o primeiro-ministro da Eslov\u00e1quia, Robert Fico, confirmou a presen\u00e7a.<\/strong> <\/p>\n<p><strong>Escoar petr\u00f3leo<\/strong><\/p>\n<p>Para o l\u00edder russo, procurado por crimes de guerra, qualquer oportunidade para sair do isolamento imposto a ocidente \u00e9 importante. Mas mais do que a imagem, a Putin interessa discutir formas de aprofundar a rela\u00e7\u00e3o comercial com a China, de cuja lideran\u00e7a a economia de guerra do seu pa\u00eds est\u00e1 dependente. As trocas comerciais entre os dois pa\u00edses ca\u00edram 8,1% no per\u00edodo de janeiro a julho, em rela\u00e7\u00e3o ao mesmo per\u00edodo do ano anterior. A composi\u00e7\u00e3o da delega\u00e7\u00e3o russa, que inclui a governadora do banco central e os administradores das principais empresas russas, prova a import\u00e2ncia da viagem de quatro dias. Segundo o assessor da presid\u00eancia Ushakov, ser\u00e3o assinados tr\u00eas documentos relacionados com a Gazprom, a maior petrol\u00edfera russa, entre os pa\u00edses que em 2022 se comprometeram em aprofundar uma parceria estrat\u00e9gica &#8220;sem limites&#8221;.<\/p>\n<p>\u00c0 Reuters, uma fonte pr\u00f3xima do governo russo comenta com rara franqueza a depend\u00eancia de Moscovo em rela\u00e7\u00e3o \u00e0s exporta\u00e7\u00f5es de petr\u00f3leo e \u00e0 importa\u00e7\u00e3o de tecnologia chinesa. <strong>&#8220;Sem eles, n\u00e3o ter\u00edamos sido capazes de fabricar um \u00fanico m\u00edssil, muito menos um drone, e toda a economia teria entrado em colapso h\u00e1 muito tempo. Se eles quisessem, a guerra j\u00e1 teria acabado h\u00e1 muito tempo.&#8221;<\/strong><\/p>\n<p><strong>Reatar rela\u00e7\u00f5es<\/strong><\/p>\n<p>J\u00e1 o primeiro-ministro indiano navega noutras \u00e1guas. Nova Deli n\u00e3o abdica do princ\u00edpio de autonomia estrat\u00e9gica, o que permite fazer parte de uma organiza\u00e7\u00e3o liderada pela China e ao mesmo tempo participar na iniciativa que inclui os EUA, o Jap\u00e3o e a Austr\u00e1lia para cercear a influ\u00eancia chinesa no Indo-Pac\u00edfico. A guerra comercial instaurada por Donald Trump castigou a \u00cdndia em particular, com os seus bens a serem taxados em 50% nas alf\u00e2ndegas norte-americanas. A decis\u00e3o de Narendra Modi aceitar o convite de Xi foi anterior \u00e0 duplica\u00e7\u00e3o da taxa aduaneira, mas \u00e9 um excelente pretexto para o nacionalista hindu procurar vias alternativas para a economia do pa\u00eds mais populoso. Al\u00e9m disso, a desloca\u00e7\u00e3o \u00e0 China tem como objetivo normalizar as rela\u00e7\u00f5es com o regime comunista depois da viol\u00eancia entre militares de ambos os pa\u00edses em 2020 e da tens\u00e3o fronteiri\u00e7a que subsistiu at\u00e9 agora.<\/p>\n","protected":false},"excerpt":{"rendered":"Os objetivos de Xi, Modi e Putin s\u00e3o diferentes, mas aproxima-os um denominador comum na cimeira da organiza\u00e7\u00e3o&hellip;\n","protected":false},"author":2,"featured_media":52622,"comment_status":"","ping_status":"","sticky":false,"template":"","format":"standard","meta":{"footnotes":""},"categories":[50],"tags":[27,28,358,8567,15,16,14,82,25,26,21,22,62,14173,12,13,19,20,23,24,15293,17,18,29,30,31,2415,63,64,65,7719],"class_list":{"0":"post-52621","1":"post","2":"type-post","3":"status-publish","4":"format-standard","5":"has-post-thumbnail","7":"category-mundo","8":"tag-breaking-news","9":"tag-breakingnews","10":"tag-china","11":"tag-cimeira","12":"tag-featured-news","13":"tag-featurednews","14":"tag-headlines","15":"tag-internacional","16":"tag-latest-news","17":"tag-latestnews","18":"tag-main-news","19":"tag-mainnews","20":"tag-mundo","21":"tag-narendra-modi","22":"tag-news","23":"tag-noticias","24":"tag-noticias-principais","25":"tag-noticiasprincipais","26":"tag-principais-noticias","27":"tag-principaisnoticias","28":"tag-tianjin","29":"tag-top-stories","30":"tag-topstories","31":"tag-ultimas","32":"tag-ultimas-noticias","33":"tag-ultimasnoticias","34":"tag-vladimir-putin","35":"tag-world","36":"tag-world-news","37":"tag-worldnews","38":"tag-xi-jinping"},"share_on_mastodon":{"url":"","error":""},"_links":{"self":[{"href":"https:\/\/www.europesays.com\/pt\/wp-json\/wp\/v2\/posts\/52621","targetHints":{"allow":["GET"]}}],"collection":[{"href":"https:\/\/www.europesays.com\/pt\/wp-json\/wp\/v2\/posts"}],"about":[{"href":"https:\/\/www.europesays.com\/pt\/wp-json\/wp\/v2\/types\/post"}],"author":[{"embeddable":true,"href":"https:\/\/www.europesays.com\/pt\/wp-json\/wp\/v2\/users\/2"}],"replies":[{"embeddable":true,"href":"https:\/\/www.europesays.com\/pt\/wp-json\/wp\/v2\/comments?post=52621"}],"version-history":[{"count":0,"href":"https:\/\/www.europesays.com\/pt\/wp-json\/wp\/v2\/posts\/52621\/revisions"}],"wp:featuredmedia":[{"embeddable":true,"href":"https:\/\/www.europesays.com\/pt\/wp-json\/wp\/v2\/media\/52622"}],"wp:attachment":[{"href":"https:\/\/www.europesays.com\/pt\/wp-json\/wp\/v2\/media?parent=52621"}],"wp:term":[{"taxonomy":"category","embeddable":true,"href":"https:\/\/www.europesays.com\/pt\/wp-json\/wp\/v2\/categories?post=52621"},{"taxonomy":"post_tag","embeddable":true,"href":"https:\/\/www.europesays.com\/pt\/wp-json\/wp\/v2\/tags?post=52621"}],"curies":[{"name":"wp","href":"https:\/\/api.w.org\/{rel}","templated":true}]}}