{"id":52737,"date":"2025-08-31T14:24:39","date_gmt":"2025-08-31T14:24:39","guid":{"rendered":"https:\/\/www.europesays.com\/pt\/52737\/"},"modified":"2025-08-31T14:24:39","modified_gmt":"2025-08-31T14:24:39","slug":"montenegro-encerra-universidade-de-verao-do-psd-no-final-de-mes-marcado-por-incendios","status":"publish","type":"post","link":"https:\/\/www.europesays.com\/pt\/52737\/","title":{"rendered":"Montenegro encerra Universidade de Ver\u00e3o do PSD no final de m\u00eas marcado por inc\u00eandios"},"content":{"rendered":"<p>&#13;<br \/>\nLu\u00eds Montenegro participa hoje, a partir das 12:00, na sess\u00e3o de encerramento da 21.\u00aa edi\u00e7\u00e3o desta iniciativa de forma\u00e7\u00e3o de jovens quadros, que decorre desde segunda-feira em Castelo de Vide (Portalegre).&#13;\n<\/p>\n<p>&#13;<br \/>\nA interven\u00e7\u00e3o do presidente do PSD funciona, habitualmente, como a segunda `rentr\u00e9e` do partido, depois da Festa do Pontal, no Algarve, este ano fortemente criticada pela oposi\u00e7\u00e3o por ter coincidido com o per\u00edodo de agravamento dos inc\u00eandios que atingiram Portugal durante o m\u00eas de agosto.&#13;\n<\/p>\n<p>&#13;<br \/>\nDesde ent\u00e3o, o primeiro-ministro apenas falou publicamente sobre inc\u00eandios, primeiro no final de um Conselho de Ministros extraordin\u00e1rio em Viseu onde apresentou 45 medidas e, esta semana, no parlamento onde defendeu que o Governo esteve &#8220;sempre ao leme&#8221; do combate.&#13;\n<\/p>\n<p>&#13;<br \/>\n\u00c0 hora desse debate parlamentar, na quarta-feira, pela Universidade de Ver\u00e3o passava Marcelo Rebelo de Sousa que defendeu que o papel do PSD no combate aos extremismos deve ser &#8220;afirmar a diferen\u00e7a da modera\u00e7\u00e3o&#8221;.&#13;\n<\/p>\n<p>&#13;<br \/>\n&#8220;Se n\u00e3o conseguir &#8211; eu acho que tem condi\u00e7\u00f5es para conseguir, assim como o PS, no centro-esquerda &#8211; afirmar a diferen\u00e7a da modera\u00e7\u00e3o que distingue o centro-direita da direita mais radical (&#8230;) ent\u00e3o torna-se muito dif\u00edcil a fun\u00e7\u00e3o dos partidos desta natureza e isso n\u00e3o \u00e9 boa not\u00edcia para a democracia&#8221;, disse, acrescentando ser &#8220;mais f\u00e1cil fazer acordos de regime, fazer consensos, encontrar solu\u00e7\u00f5es ao centro&#8221; com um partido de centro-direita e n\u00e3o de direita radical.&#13;\n<\/p>\n<p>&#13;<br \/>\nUm dia depois, o candidato a Bel\u00e9m apoiado pelo PSD, Lu\u00eds Marques Mendes, afirmou que o &#8220;caminho para o sucesso&#8221; passa pela modera\u00e7\u00e3o e n\u00e3o pelo radicalismo e deixou um apelo concreto ao PSD sobre uma lei que se adivinha pol\u00e9mica, a da nacionalidade.&#13;\n<\/p>\n<p>&#13;<br \/>\n&#8220;Sendo uma lei especial, recomendaria esfor\u00e7o de di\u00e1logo e entendimento para que fosse aprovada dentro de uma maioria ampla que inclu\u00edsse, designadamente, o PS. Leis especiais como esta n\u00e3o se aprovam no \u00e2mbito de uma mera maioria de circunst\u00e2ncia&#8221;, disse, num apelo impl\u00edcito a que o diploma n\u00e3o seja aprovado apenas com o Chega.&#13;\n<\/p>\n<p>&#13;<br \/>\nPor Castelo de Vide passou tamb\u00e9m o n\u00famero dois do Governo, o ministro de Estado e dos Neg\u00f3cios Estrangeiros, Paulo Rangel, que afirmou que &#8220;n\u00e3o se pode ter medo de radicais&#8221; e defendeu a import\u00e2ncia de os partidos de centro-direita e de centro-esquerda &#8220;moderados e vivos&#8221; serem capazes de manter pontes de di\u00e1logo.&#13;\n<\/p>\n<p>&#13;<br \/>\n&#8220;A grande tenta\u00e7\u00e3o que t\u00eam o centro-direita e o centro-esquerda \u00e9 radicalizar o discurso para rivalizarem com os seus concorrentes ou competidores que s\u00e3o radicais. Isto, do meu ponto de vista, \u00e9 um erro&#8221;, defendeu.&#13;\n<\/p>\n<p>&#13;<br \/>\nLogo na sess\u00e3o de abertura da Universidade de Ver\u00e3o do PSD, na segunda-feira, o secret\u00e1rio-geral e l\u00edder parlamentar do PSD, Hugo Soares, criticou e recusou a proposta do Chega de inqu\u00e9rito parlamentar sobre inc\u00eandios, por ser &#8220;despropositada e in\u00fatil&#8221;, e elogindo a do PS para uma comiss\u00e3o t\u00e9cnica independente.&#13;\n<\/p>\n<p>&#13;<br \/>\nNo encerramento da Universidade de Ver\u00e3o de h\u00e1 um ano, antes da crise pol\u00edtica relacionada com a empresa da fam\u00edlia do primeiro-ministro Spinumviva, o presidente do PSD afirmou que a &#8220;verdadeira instabilidade pol\u00edtica&#8221; no pa\u00eds era a da oposi\u00e7\u00e3o.&#13;\n<\/p>\n<p>&#13;<br \/>\n&#8220;Este governo n\u00e3o precisa de elei\u00e7\u00f5es para governar ou se relegitimar. Temos o suficiente para cumprir o nosso programa, assim haja responsabilidade pol\u00edtica em Portugal para n\u00e3o haver um bloqueio governativo. A minha convic\u00e7\u00e3o \u00e9 que, neste momento, o pa\u00eds est\u00e1 com o Governo, aquilo que n\u00f3s n\u00e3o sabemos \u00e9 se a oposi\u00e7\u00e3o vai estar com o pa\u00eds&#8221;, disse ent\u00e3o Montenegro, seis meses antes da demiss\u00e3o do seu primeiro executivo devido ao chumbo de uma mo\u00e7\u00e3o de confian\u00e7a.&#13;<\/p>\n","protected":false},"excerpt":{"rendered":"&#13; Lu\u00eds Montenegro participa hoje, a partir das 12:00, na sess\u00e3o de encerramento da 21.\u00aa edi\u00e7\u00e3o desta iniciativa&hellip;\n","protected":false},"author":2,"featured_media":481,"comment_status":"","ping_status":"","sticky":false,"template":"","format":"standard","meta":{"footnotes":""},"categories":[10],"tags":[27,28,15,16,14,25,26,21,22,12,13,19,20,15328,32,23,24,33,17,18,29,30,31],"class_list":{"0":"post-52737","1":"post","2":"type-post","3":"status-publish","4":"format-standard","5":"has-post-thumbnail","7":"category-portugal","8":"tag-breaking-news","9":"tag-breakingnews","10":"tag-featured-news","11":"tag-featurednews","12":"tag-headlines","13":"tag-latest-news","14":"tag-latestnews","15":"tag-main-news","16":"tag-mainnews","17":"tag-news","18":"tag-noticias","19":"tag-noticias-principais","20":"tag-noticiasprincipais","21":"tag-pontal","22":"tag-portugal","23":"tag-principais-noticias","24":"tag-principaisnoticias","25":"tag-pt","26":"tag-top-stories","27":"tag-topstories","28":"tag-ultimas","29":"tag-ultimas-noticias","30":"tag-ultimasnoticias"},"share_on_mastodon":{"url":"","error":""},"_links":{"self":[{"href":"https:\/\/www.europesays.com\/pt\/wp-json\/wp\/v2\/posts\/52737","targetHints":{"allow":["GET"]}}],"collection":[{"href":"https:\/\/www.europesays.com\/pt\/wp-json\/wp\/v2\/posts"}],"about":[{"href":"https:\/\/www.europesays.com\/pt\/wp-json\/wp\/v2\/types\/post"}],"author":[{"embeddable":true,"href":"https:\/\/www.europesays.com\/pt\/wp-json\/wp\/v2\/users\/2"}],"replies":[{"embeddable":true,"href":"https:\/\/www.europesays.com\/pt\/wp-json\/wp\/v2\/comments?post=52737"}],"version-history":[{"count":0,"href":"https:\/\/www.europesays.com\/pt\/wp-json\/wp\/v2\/posts\/52737\/revisions"}],"wp:featuredmedia":[{"embeddable":true,"href":"https:\/\/www.europesays.com\/pt\/wp-json\/wp\/v2\/media\/481"}],"wp:attachment":[{"href":"https:\/\/www.europesays.com\/pt\/wp-json\/wp\/v2\/media?parent=52737"}],"wp:term":[{"taxonomy":"category","embeddable":true,"href":"https:\/\/www.europesays.com\/pt\/wp-json\/wp\/v2\/categories?post=52737"},{"taxonomy":"post_tag","embeddable":true,"href":"https:\/\/www.europesays.com\/pt\/wp-json\/wp\/v2\/tags?post=52737"}],"curies":[{"name":"wp","href":"https:\/\/api.w.org\/{rel}","templated":true}]}}