{"id":52742,"date":"2025-08-31T14:34:13","date_gmt":"2025-08-31T14:34:13","guid":{"rendered":"https:\/\/www.europesays.com\/pt\/52742\/"},"modified":"2025-08-31T14:34:13","modified_gmt":"2025-08-31T14:34:13","slug":"o-que-acontece-no-capitulo-de-segunda-feira-01-de-setembro-de-2025","status":"publish","type":"post","link":"https:\/\/www.europesays.com\/pt\/52742\/","title":{"rendered":"o que acontece no cap\u00edtulo de segunda-feira, 01 de setembro de 2025"},"content":{"rendered":"<p>A novela\u00a0<a href=\"https:\/\/natelinha.uol.com.br\/novelas\/dona-de-mim\" rel=\"nofollow noopener\" target=\"_blank\">Dona de Mim\u00a0<\/a>vai ao ar na Globo neste segunda-feira,<strong>\u00a0<\/strong>01\u00a0de setembro de 2025, em mais um cap\u00edtulo in\u00e9dito escrito por Rosane Svartman.\u00a0 A trama\u00a0 sete vai ar \u00e0s 19h40, logo ap\u00f3s o jornal local e tem\u00a0\u00a0<a href=\"https:\/\/natelinha.uol.com.br\/novelas\/dona-de-mim\/personagem\/leona\" rel=\"nofollow noopener\" target=\"_blank\">Leona<\/a>\u00a0(Clara Moneke), Sofia (Elis Cabral) e\u00a0<a href=\"https:\/\/natelinha.uol.com.br\/novelas\/dona-de-mim\/personagem\/abel\" rel=\"nofollow noopener\" target=\"_blank\">Abel<\/a>\u00a0(Tony Ramos)\u00a0nos personagens principais.\u00a0\u00a0Confira o resumo de\u00a0Dona de Mim divulgado pelo\u00a0<a href=\"https:\/\/gshow.globo.com\/novelas\/fuzue\/\" rel=\"nofollow noopener\" target=\"_blank\">GShow<\/a>.\u00a0\u00a0\u00a0<\/p>\n<p>continua depois da publicidade<\/p>\n<p>Resumo de segunda-feira, 01\/09\/2025 &#8211; Cap\u00edtulo 106 &#8211; Dona de Mim<\/p>\n<p>Deco cai na varanda do quarto de Jaques, e Nina se desespera. Jaques chama a pol\u00edcia. Durval e Vespa desconfiam da aus\u00eancia de Deco. Lorena e Mar\u00edlia admiram Ryan. Davi descobre que Jaques era apaixonado por Ol\u00edvia. Stephany confirma para Leo que teve\u00a0burn out\u00a0e garante \u00e0 irm\u00e3 que ir\u00e1 se tratar. Rosa pede ajuda a Samuel para lidar com Jaques. Filipa confunde Jaques com Abel, mas afirma que n\u00e3o deseja se aproximar do cunhado. Caco pede que Gisele o ajude a se aproximar de Ayla. Pam exige que Samuel resolva a situa\u00e7\u00e3o dos banheiros das funcion\u00e1rias. Davi percebe o interesse de Jaques por Filipa. Samuel p\u00f5e em vota\u00e7\u00e3o os direitos trabalhistas na f\u00e1brica, e se surpreende quando Davi apoia Jaques.<\/p>\n<p>continua depois da publicidade<\/p>\n<p><img decoding=\"async\" loading=\"lazy\" class=\"horizontal\" src=\"https:\/\/www.europesays.com\/pt\/wp-content\/uploads\/2025\/08\/dona-de-mim-capitulo-novela-das-sete-globo_6857.jpeg\" alt=\"Resumo Dona de Mim: o que acontece no cap\u00edtulo de segunda-feira, 01 de setembro de 2025\"\/><\/p>\n<p>Dona de Mim: Resumos da semana dos cap\u00edtulos entre 01 a 06 de setembro<\/p>\n<p>Jaques segue como uma figura controversa e influente na novela das sete da Globo, envolvido em conflitos familiares, disputas empresariais e rela\u00e7\u00f5es pessoais complexas. Tudo come\u00e7a com um incidente tenso: Deco cai na varanda do quarto de Jaques, e ele chama a pol\u00edcia..<strong>(<a href=\"https:\/\/natelinha.uol.com.br\/resumos\/2025\/08\/23\/resumo-da-semana-da-novela-dona-de-mim-de-01092025-a-06092025-230297.php\" rel=\"nofollow noopener\" target=\"_blank\">Leia o resumo completo<\/a>)<\/strong><\/p>\n<p><strong>Confira\u00a0a abertura de\u00a0Dona de Mim:<\/strong><\/p>\n<p>                                <img decoding=\"async\" loading=\"lazy\" class=\"horizontal\" alt=\"Imagem da thumbnail do v\u00eddeo\" src=\"https:\/\/www.europesays.com\/pt\/wp-content\/uploads\/2025\/08\/1755610270_149_hqdefault.jpg\"\/><\/p>\n","protected":false},"excerpt":{"rendered":"A novela\u00a0Dona de Mim\u00a0vai ao ar na Globo neste segunda-feira,\u00a001\u00a0de setembro de 2025, em mais um cap\u00edtulo in\u00e9dito&hellip;\n","protected":false},"author":2,"featured_media":52743,"comment_status":"","ping_status":"","sticky":false,"template":"","format":"standard","meta":{"footnotes":""},"categories":[142],"tags":[1718,114,115,32,33,6656,151],"class_list":{"0":"post-52742","1":"post","2":"type-post","3":"status-publish","4":"format-standard","5":"has-post-thumbnail","7":"category-tv","8":"tag-dona-de-mim","9":"tag-entertainment","10":"tag-entretenimento","11":"tag-portugal","12":"tag-pt","13":"tag-resumo-de-novela","14":"tag-tv"},"share_on_mastodon":{"url":"","error":""},"_links":{"self":[{"href":"https:\/\/www.europesays.com\/pt\/wp-json\/wp\/v2\/posts\/52742","targetHints":{"allow":["GET"]}}],"collection":[{"href":"https:\/\/www.europesays.com\/pt\/wp-json\/wp\/v2\/posts"}],"about":[{"href":"https:\/\/www.europesays.com\/pt\/wp-json\/wp\/v2\/types\/post"}],"author":[{"embeddable":true,"href":"https:\/\/www.europesays.com\/pt\/wp-json\/wp\/v2\/users\/2"}],"replies":[{"embeddable":true,"href":"https:\/\/www.europesays.com\/pt\/wp-json\/wp\/v2\/comments?post=52742"}],"version-history":[{"count":0,"href":"https:\/\/www.europesays.com\/pt\/wp-json\/wp\/v2\/posts\/52742\/revisions"}],"wp:featuredmedia":[{"embeddable":true,"href":"https:\/\/www.europesays.com\/pt\/wp-json\/wp\/v2\/media\/52743"}],"wp:attachment":[{"href":"https:\/\/www.europesays.com\/pt\/wp-json\/wp\/v2\/media?parent=52742"}],"wp:term":[{"taxonomy":"category","embeddable":true,"href":"https:\/\/www.europesays.com\/pt\/wp-json\/wp\/v2\/categories?post=52742"},{"taxonomy":"post_tag","embeddable":true,"href":"https:\/\/www.europesays.com\/pt\/wp-json\/wp\/v2\/tags?post=52742"}],"curies":[{"name":"wp","href":"https:\/\/api.w.org\/{rel}","templated":true}]}}