{"id":52793,"date":"2025-08-31T15:32:47","date_gmt":"2025-08-31T15:32:47","guid":{"rendered":"https:\/\/www.europesays.com\/pt\/52793\/"},"modified":"2025-08-31T15:32:47","modified_gmt":"2025-08-31T15:32:47","slug":"manuel-marques-filha-mais-velha-da-passo-inesperado-no-caso-de-violencia-domestica-decidiu","status":"publish","type":"post","link":"https:\/\/www.europesays.com\/pt\/52793\/","title":{"rendered":"Manuel Marques &#8211; Filha mais velha d\u00e1 passo inesperado no caso de viol\u00eancia dom\u00e9stica: \u201cDecidiu&#8230;\u201d"},"content":{"rendered":"<p>O caso de <strong>Manuel Marques<\/strong> mudou ligeiramente de trajet\u00f3ria. A filha mais velha, <strong>In\u00eas<\/strong>, que acusou o pai de viol\u00eancia dom\u00e9stica, tomou agora uma decis\u00e3o: <strong>\u201cdecidiu mudar de advogado\u201d.<\/strong><\/p>\n<p>A informa\u00e7\u00e3o foi avan\u00e7ada em exclusivo pelo programa <strong>V+Fama,\u00a0<\/strong>esta sexta-feira, 29 de agosto.<\/p>\n<blockquote>\n<p>Leia tamb\u00e9m: Manuel Marques &#8211; <a href=\"https:\/\/www.novagente.pt\/manuel-marques-ex-mulher-desiste-da-queixa-de-violencia-domestica-contra-ator-saiba-motivo\" rel=\"nofollow noopener\" target=\"_blank\">Ex-mulher desiste da queixa de viol\u00eancia dom\u00e9stica contra o ator. Saiba o motivo!<\/a><\/p>\n<\/blockquote>\n<p><strong>\u201cIn\u00eas era at\u00e9 agora representada pelo doutor Pedro Nogueira Sim\u00f5es, advogado, entre outros famosos, de Jos\u00e9 Castelo Branco, e a partir de agora passa a ser representada pela doutora Patr\u00edcia Santos Ferreira\u201d<\/strong>, anunciou <strong>Adriano Silva Martins.<\/strong><\/p>\n<p>O apresentador sublinha que esta nova escolha n\u00e3o se deve ao profissionalismo de Pedro Nogueira Sim\u00f5es.<\/p>\n<p><strong>\u201cA informa\u00e7\u00e3o a que tivemos acesso \u00e9 que a In\u00eas, tratando-se aqui de um caso muito delicado, que envolve um alegado crime de viol\u00eancia dom\u00e9stica que sofreu por parte do pai, sente-se mais \u00e0 vontade para contar e revelar tudo aquilo que lhe aconteceu com uma advogada do sexo feminino\u201d<\/strong>, explicou.<\/p>\n<p>Texto: Carolina Charrua; Fotos: Redes sociais e Impala<\/p>\n<p class=\"intagram-text\">Siga a Nova Gente no Instagram<\/p>\n<p>                        <a href=\"https:\/\/www.instagram.com\/revistanovagente\/\" target=\"_blank\" aria-label=\"instagram\" rel=\"noopener nofollow\"><img decoding=\"async\" style=\"display: block; margin-left: auto; margin-right: auto; width: 250px; height: 83px;\" src=\"https:\/\/www.europesays.com\/pt\/wp-content\/uploads\/2025\/08\/1756654367_885_Instagram_NG.png\" alt=\"instagram\"\/><\/a><br \/>\n                    <script async src=\"\/\/www.instagram.com\/embed.js\"><\/script><\/p>\n","protected":false},"excerpt":{"rendered":"O caso de Manuel Marques mudou ligeiramente de trajet\u00f3ria. A filha mais velha, In\u00eas, que acusou o pai&hellip;\n","protected":false},"author":2,"featured_media":52794,"comment_status":"","ping_status":"","sticky":false,"template":"","format":"standard","meta":{"footnotes":""},"categories":[85],"tags":[15354,114,115,15352,15353,3212,15355,32,33,3218],"class_list":{"0":"post-52793","1":"post","2":"type-post","3":"status-publish","4":"format-standard","5":"has-post-thumbnail","7":"category-entretenimento","8":"tag-caso","9":"tag-entertainment","10":"tag-entretenimento","11":"tag-filha-mais-velha","12":"tag-ines","13":"tag-manuel-marques","14":"tag-pedro-nogueira-simoes","15":"tag-portugal","16":"tag-pt","17":"tag-violencia-domestica"},"share_on_mastodon":{"url":"","error":""},"_links":{"self":[{"href":"https:\/\/www.europesays.com\/pt\/wp-json\/wp\/v2\/posts\/52793","targetHints":{"allow":["GET"]}}],"collection":[{"href":"https:\/\/www.europesays.com\/pt\/wp-json\/wp\/v2\/posts"}],"about":[{"href":"https:\/\/www.europesays.com\/pt\/wp-json\/wp\/v2\/types\/post"}],"author":[{"embeddable":true,"href":"https:\/\/www.europesays.com\/pt\/wp-json\/wp\/v2\/users\/2"}],"replies":[{"embeddable":true,"href":"https:\/\/www.europesays.com\/pt\/wp-json\/wp\/v2\/comments?post=52793"}],"version-history":[{"count":0,"href":"https:\/\/www.europesays.com\/pt\/wp-json\/wp\/v2\/posts\/52793\/revisions"}],"wp:featuredmedia":[{"embeddable":true,"href":"https:\/\/www.europesays.com\/pt\/wp-json\/wp\/v2\/media\/52794"}],"wp:attachment":[{"href":"https:\/\/www.europesays.com\/pt\/wp-json\/wp\/v2\/media?parent=52793"}],"wp:term":[{"taxonomy":"category","embeddable":true,"href":"https:\/\/www.europesays.com\/pt\/wp-json\/wp\/v2\/categories?post=52793"},{"taxonomy":"post_tag","embeddable":true,"href":"https:\/\/www.europesays.com\/pt\/wp-json\/wp\/v2\/tags?post=52793"}],"curies":[{"name":"wp","href":"https:\/\/api.w.org\/{rel}","templated":true}]}}