{"id":52903,"date":"2025-08-31T17:36:09","date_gmt":"2025-08-31T17:36:09","guid":{"rendered":"https:\/\/www.europesays.com\/pt\/52903\/"},"modified":"2025-08-31T17:36:09","modified_gmt":"2025-08-31T17:36:09","slug":"joao-almeida-ninguem-da-minha-equipa-estava-comigo-no-final","status":"publish","type":"post","link":"https:\/\/www.europesays.com\/pt\/52903\/","title":{"rendered":"Jo\u00e3o Almeida: \u00abNingu\u00e9m da minha equipa estava comigo no final&#8230;\u00bb"},"content":{"rendered":"<p>Jo\u00e3o Almeida lamenta n\u00e3o ter tido apoio dos seus companheiros de equipa ap\u00f3s o ataque decisivo de Jonas Vingegaard no in\u00edcio da subida final, ainda a 11 quil\u00f3metros da meta da 9.\u00aa etapa da Volta a Espanha na Est\u00e2ncia de Esqui de Valdezcaray. \u00a0\u00a0<\/p>\n<p>\u00abCreio que eles [companheiros de equipa] ficaram um pouco surpresos [com a acelera\u00e7\u00e3o repentina da Visma e a acelera\u00e7\u00e3o de Vingegaard],\u00a0penso que n\u00e3o esperavam.\u00a0Eu estava bem posicionado, mas foi dif\u00edcil responder de pronto ao ataque. E depois n\u00e3o consegui fechar o espa\u00e7o. \u00c9 o que \u00e9&#8230;\u00bb, reconheceu o corredor portugu\u00eas que teve apenas um breve aux\u00edlio do australiano Jay Vine pelos seus colegas na\u00a0UAE Emirates.\u00a0<\/p>\n<p>Jo\u00e3o Almeida\u00a0chegou a pedir ajuda a Tiom Pidcock durante a persegui\u00e7\u00e3o a Jonas Vingeggard, mas n\u00e3o se queixa da igualmente breve e pouco efetiva colabora\u00e7\u00e3o do brit\u00e2nico.\u00a0\u00abQuer dizer, dava ver que ele estava no limite, por isso n\u00e3o podia pedir-lhe muito mais. E assim, eu tamb\u00e9m n\u00e3o poderia fazer muito mais.\u00bb, reconheceu Jo\u00e3o Almeida, refor\u00e7ando o lamento sobre a falta de apoio dos seus companheiros.\u00a0<\/p>\n<p>\u00abSenti um pouco a falta da minha equipa.\u00a0Ningu\u00e9m estava comigo no final, ent\u00e3o&#8230;\u00a0\u00e9 o que \u00e9. Conseguir salvar o que pude, mas creio que poderia ter seguido com ele [Vingegaard] se tivesse tido essa ajuda. Veremos no final\u00bb, concluiu o corredor de 27 anos.\u00a0\u00a0<\/p>\n","protected":false},"excerpt":{"rendered":"Jo\u00e3o Almeida lamenta n\u00e3o ter tido apoio dos seus companheiros de equipa ap\u00f3s o ataque decisivo de Jonas&hellip;\n","protected":false},"author":2,"featured_media":52904,"comment_status":"","ping_status":"","sticky":false,"template":"","format":"standard","meta":{"footnotes":""},"categories":[8],"tags":[27,28,15,16,14,25,26,21,22,12,13,19,20,32,23,24,33,17,18,29,30,31],"class_list":{"0":"post-52903","1":"post","2":"type-post","3":"status-publish","4":"format-standard","5":"has-post-thumbnail","7":"category-principais-noticias","8":"tag-breaking-news","9":"tag-breakingnews","10":"tag-featured-news","11":"tag-featurednews","12":"tag-headlines","13":"tag-latest-news","14":"tag-latestnews","15":"tag-main-news","16":"tag-mainnews","17":"tag-news","18":"tag-noticias","19":"tag-noticias-principais","20":"tag-noticiasprincipais","21":"tag-portugal","22":"tag-principais-noticias","23":"tag-principaisnoticias","24":"tag-pt","25":"tag-top-stories","26":"tag-topstories","27":"tag-ultimas","28":"tag-ultimas-noticias","29":"tag-ultimasnoticias"},"share_on_mastodon":{"url":"","error":""},"_links":{"self":[{"href":"https:\/\/www.europesays.com\/pt\/wp-json\/wp\/v2\/posts\/52903","targetHints":{"allow":["GET"]}}],"collection":[{"href":"https:\/\/www.europesays.com\/pt\/wp-json\/wp\/v2\/posts"}],"about":[{"href":"https:\/\/www.europesays.com\/pt\/wp-json\/wp\/v2\/types\/post"}],"author":[{"embeddable":true,"href":"https:\/\/www.europesays.com\/pt\/wp-json\/wp\/v2\/users\/2"}],"replies":[{"embeddable":true,"href":"https:\/\/www.europesays.com\/pt\/wp-json\/wp\/v2\/comments?post=52903"}],"version-history":[{"count":0,"href":"https:\/\/www.europesays.com\/pt\/wp-json\/wp\/v2\/posts\/52903\/revisions"}],"wp:featuredmedia":[{"embeddable":true,"href":"https:\/\/www.europesays.com\/pt\/wp-json\/wp\/v2\/media\/52904"}],"wp:attachment":[{"href":"https:\/\/www.europesays.com\/pt\/wp-json\/wp\/v2\/media?parent=52903"}],"wp:term":[{"taxonomy":"category","embeddable":true,"href":"https:\/\/www.europesays.com\/pt\/wp-json\/wp\/v2\/categories?post=52903"},{"taxonomy":"post_tag","embeddable":true,"href":"https:\/\/www.europesays.com\/pt\/wp-json\/wp\/v2\/tags?post=52903"}],"curies":[{"name":"wp","href":"https:\/\/api.w.org\/{rel}","templated":true}]}}