{"id":52955,"date":"2025-08-31T18:20:10","date_gmt":"2025-08-31T18:20:10","guid":{"rendered":"https:\/\/www.europesays.com\/pt\/52955\/"},"modified":"2025-08-31T18:20:10","modified_gmt":"2025-08-31T18:20:10","slug":"manchester-united-teme-pedido-de-demissao-de-ruben-amorim","status":"publish","type":"post","link":"https:\/\/www.europesays.com\/pt\/52955\/","title":{"rendered":"Manchester United teme pedido de demiss\u00e3o de Ruben Amorim"},"content":{"rendered":"<p><strong>O Manchester United est\u00e1 a passar um per\u00edodo turbulento. Clube ingl\u00eas receia uma sa\u00edda de Ruben Amorim nesta fase da temporada. <\/strong><\/p>\n<p>O Manchester United atravessa um per\u00edodo delicado e particularmante agitado. A <a href=\"https:\/\/bolanarede.pt\/especial-bola-na-rede\/atualidade\/bruno-fernandes-salva-manchester-united-de-ruben-amorim-nos-descontos-eis-os-resultados-do-dia-na-premier-league\/\" target=\"_blank\" rel=\"noreferrer noopener nofollow\">vit\u00f3ria contra o Burnley<\/a>, j\u00e1 nos descontos, trouxe alguma paz ao universo dos red devils, mas o futuro de Ruben Amorim continua em d\u00favida.<\/p>\n<p>De acordo com o Daily Mail, a dire\u00e7\u00e3o do Manchester United continua a apoiar o treinador portugu\u00eas e teme uma sa\u00edda do t\u00e9cnico. Por outro lado, o plantel revela alguns focos de tens\u00e3o com Ruben Amorim.<\/p>\n<p>Alguns dos jogadores mais experientes e com mais for\u00e7a no balne\u00e1rio continuam frustrados com a aposta do treinador no 3-4-3, um sistema em que consideram n\u00e3o encaixar. Por outro lado, as <a href=\"https:\/\/bolanarede.pt\/especial-bola-na-rede\/atualidade\/ruben-amorim-vou-dizer-que-as-vezes-odeio-os-meus-jogadores-as-vezes-adoro-os-meus-jogadores-as-vezes-quero-defender-os-meus-jogadores\/\" target=\"_blank\" rel=\"noreferrer noopener nofollow\">declara\u00e7\u00f5es de Ruben Amorim ap\u00f3s a derrota contra o Grimsby<\/a> tamb\u00e9m n\u00e3o ca\u00edram bem. <\/p>\n<p>Nas pr\u00f3ximas horas decorrer\u00e1 uma reuni\u00e3o entre Ruben Amorim e o Manchester United para averiguar o futuro. <\/p>\n","protected":false},"excerpt":{"rendered":"O Manchester United est\u00e1 a passar um per\u00edodo turbulento. Clube ingl\u00eas receia uma sa\u00edda de Ruben Amorim nesta&hellip;\n","protected":false},"author":2,"featured_media":1321,"comment_status":"","ping_status":"","sticky":false,"template":"","format":"standard","meta":{"footnotes":""},"categories":[87],"tags":[260,135,478,663,32,666,33,1052,134],"class_list":{"0":"post-52955","1":"post","2":"type-post","3":"status-publish","4":"format-standard","5":"has-post-thumbnail","7":"category-desporto","8":"tag-atualidade","9":"tag-desporto","10":"tag-destaques-bnr","11":"tag-manchester-united","12":"tag-portugal","13":"tag-premier-league","14":"tag-pt","15":"tag-ruben-amorim","16":"tag-sports"},"share_on_mastodon":{"url":"","error":""},"_links":{"self":[{"href":"https:\/\/www.europesays.com\/pt\/wp-json\/wp\/v2\/posts\/52955","targetHints":{"allow":["GET"]}}],"collection":[{"href":"https:\/\/www.europesays.com\/pt\/wp-json\/wp\/v2\/posts"}],"about":[{"href":"https:\/\/www.europesays.com\/pt\/wp-json\/wp\/v2\/types\/post"}],"author":[{"embeddable":true,"href":"https:\/\/www.europesays.com\/pt\/wp-json\/wp\/v2\/users\/2"}],"replies":[{"embeddable":true,"href":"https:\/\/www.europesays.com\/pt\/wp-json\/wp\/v2\/comments?post=52955"}],"version-history":[{"count":0,"href":"https:\/\/www.europesays.com\/pt\/wp-json\/wp\/v2\/posts\/52955\/revisions"}],"wp:featuredmedia":[{"embeddable":true,"href":"https:\/\/www.europesays.com\/pt\/wp-json\/wp\/v2\/media\/1321"}],"wp:attachment":[{"href":"https:\/\/www.europesays.com\/pt\/wp-json\/wp\/v2\/media?parent=52955"}],"wp:term":[{"taxonomy":"category","embeddable":true,"href":"https:\/\/www.europesays.com\/pt\/wp-json\/wp\/v2\/categories?post=52955"},{"taxonomy":"post_tag","embeddable":true,"href":"https:\/\/www.europesays.com\/pt\/wp-json\/wp\/v2\/tags?post=52955"}],"curies":[{"name":"wp","href":"https:\/\/api.w.org\/{rel}","templated":true}]}}