{"id":52968,"date":"2025-08-31T18:34:11","date_gmt":"2025-08-31T18:34:11","guid":{"rendered":"https:\/\/www.europesays.com\/pt\/52968\/"},"modified":"2025-08-31T18:34:11","modified_gmt":"2025-08-31T18:34:11","slug":"derrota-injusta-no-classico-site-oficial-do-sporting-clube-de-portugal","status":"publish","type":"post","link":"https:\/\/www.europesays.com\/pt\/52968\/","title":{"rendered":"Derrota injusta no cl\u00e1ssico | Site oficial do Sporting Clube de Portugal"},"content":{"rendered":"<p class=\"lede content__lede\">\n\t\t\t\t\t\t\t\t\t\t\tSporting CP perde com o FC Porto\t\t\t\t\t\t\t\t\t\t<\/p>\n<p>A equipa principal de futebol do Sporting Clube de Portugal perdeu, este s\u00e1bado, por 1-2 na recep\u00e7\u00e3o ao FC Porto quarta jornada da Liga Portugal.<\/p>\n<p>Num embate em que os Le\u00f5es foram a melhor equipa em campo e mereciam a vit\u00f3ria, dois golos dos drag\u00f5es quando nada o fazia prever em poucos minutos na segunda metade foram fatais.<\/p>\n<p>Com mais de 50000 presentes e um grande ambiente no Est\u00e1dio Jos\u00e9 Alvalade, que contou com uma coreografia digna do jogo em quest\u00e3o, Rui Borges operou apenas uma altera\u00e7\u00e3o no titulares, com Giorgi Kochorashvili no lugar de Hidemasa Morita. No banco, Matheus Reis estava de regresso e Rayan Lucas procurava os primeiros minutos ao servi\u00e7o da equipa principal.<\/p>\n<p><img decoding=\"async\" alt=\"\" src=\"https:\/\/www.europesays.com\/pt\/wp-content\/uploads\/2025\/08\/jl2_0073-min.jpg\" style=\"width: 1675px; height: 1080px;\"\/><\/p>\n<p>J\u00e1 depois de Morten Hjulmand ser homenageado por atingir os 100 jogos pelo Sporting CP, recebendo uma camisola comemorativa das m\u00e3os de Frederico Varandas, presidente do Conselho Directivo, o cl\u00e1ssico come\u00e7ou e logo com uma ocasi\u00e3o de golo na bola de sa\u00edda do FC Porto: Borja Sainz acertou no poste.<\/p>\n<p>Seguiu-se um remate de longe de William Gomes para defesa f\u00e1cil de Rui Silva e a resposta do Sporting CP apareceu aos 9&#8242;, quando Luis Su\u00e1rez recebeu um lan\u00e7amento lateral de Ricardo Mangas e rematou em arco, com a bola a passar muito perto da baliza visitante. Pouco depois, foi a vez de Ricardo Mangas, no seguimento de alguns ressaltos, atirar por cima.<\/p>\n<p>Aos 14&#8242;, Luis Su\u00e1rez roubou a bola a um advers\u00e1rio na \u00e1rea do FC Porto e deu para Francisco Trinc\u00e3o, que procurou almejar a baliza, mas viu o seu tiro bloqueado. Do outro lado, Luuk de Jong rematou para defesa f\u00e1cil de Rui Silva e Victor Froholdt falhou o alvo, tendo a bola desviado ainda em Morten Hjulmand.<\/p>\n<p><img decoding=\"async\" alt=\"\" src=\"https:\/\/www.europesays.com\/pt\/wp-content\/uploads\/2025\/08\/jl1_0401-min.jpg\" style=\"width: 1620px; height: 1080px;\"\/><\/p>\n<p>O encontro estava animado e o Sporting CP conseguiu criar um contra-ataque muito perigoso aos 21&#8242;, quando Luis Su\u00e1rez assistiu Pedro Gon\u00e7alves e este procurou facturar, mas um defesa bloqueou para canto. William Gomes, do FC Porto, voltou a tentar a sua sorte \u00e0 meia-hora de jogo, com Rui Silva a agarrar.<\/p>\n<p>Tanto Victor Froholdt como Rodrigo Mora estiveram sem pontaria nos lances que e seguiram, enquanto Alan Varela tentou marcar de muito longe, mas Rui Silva estava atento.<\/p>\n<p>At\u00e9 ao intervalo, destaque para o momento em que Geny Catamo, lan\u00e7ado na velocidade por Iv\u00e1n Fresneda, avan\u00e7ou at\u00e9 \u00e0 \u00e1rea portista e foi derrubado por Francisco Moura, mas o \u00e1rbitro Jo\u00e3o Gon\u00e7alves mandou seguir. No final da primeira parte, 0-0 no marcador.<\/p>\n<p><img decoding=\"async\" alt=\"\" src=\"https:\/\/www.europesays.com\/pt\/wp-content\/uploads\/2025\/08\/jl2_0287-min.jpg\" style=\"width: 1637px; height: 1080px;\"\/><\/p>\n<p>O segundo tempo abriu com um Sporting CP dominador e a encostar o FC Porto \u00e0s cordas. A press\u00e3o alta for\u00e7ou o erro na constru\u00e7\u00e3o contr\u00e1ria aos 48&#8242;, permitindo o remate a Giorgi Kochorashvili &#8211; que estava a protagonizar uma excelente exibi\u00e7\u00e3o &#8211; para fora. Pouco depois, uma boa jogada terminou com uma tentativa de Luis Su\u00e1rez a sair ao lado. A bola desviou ainda num advers\u00e1rio e seria canto, mas Jo\u00e3o Gon\u00e7alves assinalou pontap\u00e9 de baliza.<\/p>\n<p>Continuava melhor o emblema de Alvalade, que amea\u00e7ou por Morten Hjulmand de cabe\u00e7a e por Francisco Trinc\u00e3o, que obrigou Diogo Costa a defender. No entanto, e quando nada o fazia prever, o FC Porto conseguiu um golo ca\u00eddo do c\u00e9u, com Luuk de Jong a ser o marcador.<\/p>\n<p>Ao balde de \u00e1gua fria, Rui Borges respondeu com as entradas de Georgios Vagiannidis e Geovany Quenda para as sa\u00eddas de Iv\u00e1n Fresneda e Geny Catamo, mas o FC Porto voltou a marcar imediatamente a seguir, desta feita por William Gomes. Num \u00e1pice, um nulo no marcador com dom\u00ednio Leonino transformou-se num injusto e inesperado 0-2.<\/p>\n<p><img decoding=\"async\" alt=\"\" src=\"https:\/\/www.europesays.com\/pt\/wp-content\/uploads\/2025\/08\/jl2_1102-min.jpg\" style=\"width: 1620px; height: 1080px;\"\/><\/p>\n<p>Conrad Harder substituiu Giorgi Kochorashvili aos 67&#8242; e o Sporting CP come\u00e7ou a voltar a pressionar os nortenhos. Aos 70&#8242;, Geovany Quenda trabalhou muito bem pela direita e enviou a bola para o cora\u00e7\u00e3o da \u00e1rea, obrigando Diogo Costa a intervir.<\/p>\n<p>Finalmente, o golo verde e branco surgiu aos 74&#8242;: Gon\u00e7alo In\u00e1cio desmarcou Ricardo Mangas e este tentou assistir Conrad Harder, tendo a defesa do FC Porto enviado a bola para a pr\u00f3pria baliza. Explos\u00e3o em Alvalade com esperan\u00e7a renovada na reviravolta.<\/p>\n<p>Um cruzamento venenoso de Geovany Quenda esteve perto de voltar a provocar um autogolo aos 77&#8242; e, j\u00e1 nos 10&#8242; finais, o \u00e1rbitro Jo\u00e3o Gon\u00e7alves voltou a assinalar pontap\u00e9 de baliza num lance de canto Sportinguista. Aos 84&#8242;, Luis Su\u00e1rez atirou para defesa de Diogo Costa.<\/p>\n<p>O colombiano amea\u00e7ou ainda mais dois minutos depois, quando rematou com selo de golo para uma grande interven\u00e7\u00e3o do guarda-redes portugu\u00eas. A seguir, Ricardo Mangas cabeceou ao lado e Alisson Santos entrou para a sa\u00edda de Pedro Gon\u00e7alves.<\/p>\n<p>Houve ainda tempo para um tiro de Morten Hjulmand por cima e para algumas investidas perto da \u00e1rea do FC Porto, mas o injusto resultado n\u00e3o sofreu mais altera\u00e7\u00f5es.<\/p>\n<p>Os Bicampe\u00f5es Nacionais s\u00f3 voltam a jogar agora ap\u00f3s a pausa para os compromissos das selec\u00e7\u00f5es nacionais, deslocando-se ao terreno do FC Famalic\u00e3o.<\/p>\n<p><strong>Sporting CP:<\/strong> Rui Silva [GR], Geny Catamo (Geovany Quenda, 63&#8242;), Iv\u00e1n Fresneda (Georgios Vagiannidis, 63&#8242;), Zeno Debast, Gon\u00e7alo In\u00e1cio, Ricardo Mangas, Morten Hjulmand [C], Giorgi Kochorashvili (Conrad Harder 67&#8242;), Francisco Trinc\u00e3o, Pedro Gon\u00e7alves (Alisson Santos, 89&#8242;) e Luis Su\u00e1rez.<\/p>\n","protected":false},"excerpt":{"rendered":"Sporting CP perde com o FC Porto A equipa principal de futebol do Sporting Clube de Portugal perdeu,&hellip;\n","protected":false},"author":2,"featured_media":52969,"comment_status":"","ping_status":"","sticky":false,"template":"","format":"standard","meta":{"footnotes":""},"categories":[8],"tags":[27,28,15,16,14,25,26,21,22,12,13,19,20,32,23,24,33,17,18,29,30,31],"class_list":{"0":"post-52968","1":"post","2":"type-post","3":"status-publish","4":"format-standard","5":"has-post-thumbnail","7":"category-principais-noticias","8":"tag-breaking-news","9":"tag-breakingnews","10":"tag-featured-news","11":"tag-featurednews","12":"tag-headlines","13":"tag-latest-news","14":"tag-latestnews","15":"tag-main-news","16":"tag-mainnews","17":"tag-news","18":"tag-noticias","19":"tag-noticias-principais","20":"tag-noticiasprincipais","21":"tag-portugal","22":"tag-principais-noticias","23":"tag-principaisnoticias","24":"tag-pt","25":"tag-top-stories","26":"tag-topstories","27":"tag-ultimas","28":"tag-ultimas-noticias","29":"tag-ultimasnoticias"},"share_on_mastodon":{"url":"","error":""},"_links":{"self":[{"href":"https:\/\/www.europesays.com\/pt\/wp-json\/wp\/v2\/posts\/52968","targetHints":{"allow":["GET"]}}],"collection":[{"href":"https:\/\/www.europesays.com\/pt\/wp-json\/wp\/v2\/posts"}],"about":[{"href":"https:\/\/www.europesays.com\/pt\/wp-json\/wp\/v2\/types\/post"}],"author":[{"embeddable":true,"href":"https:\/\/www.europesays.com\/pt\/wp-json\/wp\/v2\/users\/2"}],"replies":[{"embeddable":true,"href":"https:\/\/www.europesays.com\/pt\/wp-json\/wp\/v2\/comments?post=52968"}],"version-history":[{"count":0,"href":"https:\/\/www.europesays.com\/pt\/wp-json\/wp\/v2\/posts\/52968\/revisions"}],"wp:featuredmedia":[{"embeddable":true,"href":"https:\/\/www.europesays.com\/pt\/wp-json\/wp\/v2\/media\/52969"}],"wp:attachment":[{"href":"https:\/\/www.europesays.com\/pt\/wp-json\/wp\/v2\/media?parent=52968"}],"wp:term":[{"taxonomy":"category","embeddable":true,"href":"https:\/\/www.europesays.com\/pt\/wp-json\/wp\/v2\/categories?post=52968"},{"taxonomy":"post_tag","embeddable":true,"href":"https:\/\/www.europesays.com\/pt\/wp-json\/wp\/v2\/tags?post=52968"}],"curies":[{"name":"wp","href":"https:\/\/api.w.org\/{rel}","templated":true}]}}