{"id":52990,"date":"2025-08-31T18:53:23","date_gmt":"2025-08-31T18:53:23","guid":{"rendered":"https:\/\/www.europesays.com\/pt\/52990\/"},"modified":"2025-08-31T18:53:23","modified_gmt":"2025-08-31T18:53:23","slug":"marcelo-pede-reconhecimento-do-contributo-dos-afrodescendentes-em-portugal","status":"publish","type":"post","link":"https:\/\/www.europesays.com\/pt\/52990\/","title":{"rendered":"Marcelo pede reconhecimento do contributo dos afrodescendentes em Portugal"},"content":{"rendered":"<p>O Presidente da Rep\u00fablica, Marcelo Rebelo de Sousa, pediu hoje o reconhecimento da \u201ccontribui\u00e7\u00e3o da di\u00e1spora africana para a sociedade portuguesa\u201d, por ocasi\u00e3o do Dia Internacional das Pessoas Afrodescendentes.<\/p>\n<p>\u201cA contribui\u00e7\u00e3o da di\u00e1spora africana para a sociedade portuguesa deve ser reconhecida e acompanhada pelo combate a todas as formas de discrimina\u00e7\u00e3o e viol\u00eancia contra as pessoas afrodescendentes\u201d, refere uma nota divulgada pela Presid\u00eancia.<\/p>\n<p>Marcelo quis homenagear os afrodescendentes que \u201crevigoram e enriquecem\u201d Portugal. \u201cQue nos possamos encaminhar no sentido de uma vizinhan\u00e7a fraterna e sem preconceitos, em que vivemos como iguais no sentido de um Portugal mais justo e menos desigual\u201d, afirmou.<\/p>\n<p>Segundo dados do Instituto Nacional de Estat\u00edstica (<a href=\"https:\/\/www.ine.pt\/xportal\/xmain?xpgid=ine_main&amp;xpid=INE\" target=\"_blank\" rel=\"noopener noreferrer nofollow\">INE<\/a>), em 2023 a popula\u00e7\u00e3o afrodescendente representava 6,1% dos residentes em Portugal com idades entre os 18 e os 74 anos. Quase um ter\u00e7o (31,7%) j\u00e1 tinha sofrido discrimina\u00e7\u00e3o, e mais de metade (55,2%) tinha testemunhado situa\u00e7\u00f5es de discrimina\u00e7\u00e3o.<\/p>\n<p>No total, residiam em Portugal 462,4 mil afrodescendentes: 201,6 mil de primeira gera\u00e7\u00e3o, 238,6 mil de segunda gera\u00e7\u00e3o e 22,3 mil de terceira gera\u00e7\u00e3o.<\/p>\n<p>O Dia Internacional das Pessoas Afrodescendentes foi proclamado pelas Na\u00e7\u00f5es Unidas em 2020 para promover e proteger os direitos das pessoas de ascend\u00eancia africana, reconhecer as suas contribui\u00e7\u00f5es e refor\u00e7ar o compromisso com igualdade, justi\u00e7a e desenvolvimento.<\/p>\n<p>A Assembleia-Geral da <a href=\"https:\/\/unric.org\/pt\/\" target=\"_blank\" rel=\"noopener noreferrer nofollow\">ONU<\/a> aprovou em dezembro de 2024 a <strong>Segunda D\u00e9cada Internacional para Pessoas de Ascend\u00eancia Africana<\/strong>, que decorre entre 2025 e 2034, com o tema \u201cReconhecimento, justi\u00e7a e desenvolvimento\u201d.<\/p>\n","protected":false},"excerpt":{"rendered":"O Presidente da Rep\u00fablica, Marcelo Rebelo de Sousa, pediu hoje o reconhecimento da \u201ccontribui\u00e7\u00e3o da di\u00e1spora africana para&hellip;\n","protected":false},"author":2,"featured_media":52991,"comment_status":"","ping_status":"","sticky":false,"template":"","format":"standard","meta":{"footnotes":""},"categories":[8],"tags":[27,28,15,16,14,25,26,21,22,12,13,19,20,32,23,24,33,17,18,29,30,31],"class_list":{"0":"post-52990","1":"post","2":"type-post","3":"status-publish","4":"format-standard","5":"has-post-thumbnail","7":"category-principais-noticias","8":"tag-breaking-news","9":"tag-breakingnews","10":"tag-featured-news","11":"tag-featurednews","12":"tag-headlines","13":"tag-latest-news","14":"tag-latestnews","15":"tag-main-news","16":"tag-mainnews","17":"tag-news","18":"tag-noticias","19":"tag-noticias-principais","20":"tag-noticiasprincipais","21":"tag-portugal","22":"tag-principais-noticias","23":"tag-principaisnoticias","24":"tag-pt","25":"tag-top-stories","26":"tag-topstories","27":"tag-ultimas","28":"tag-ultimas-noticias","29":"tag-ultimasnoticias"},"share_on_mastodon":{"url":"","error":""},"_links":{"self":[{"href":"https:\/\/www.europesays.com\/pt\/wp-json\/wp\/v2\/posts\/52990","targetHints":{"allow":["GET"]}}],"collection":[{"href":"https:\/\/www.europesays.com\/pt\/wp-json\/wp\/v2\/posts"}],"about":[{"href":"https:\/\/www.europesays.com\/pt\/wp-json\/wp\/v2\/types\/post"}],"author":[{"embeddable":true,"href":"https:\/\/www.europesays.com\/pt\/wp-json\/wp\/v2\/users\/2"}],"replies":[{"embeddable":true,"href":"https:\/\/www.europesays.com\/pt\/wp-json\/wp\/v2\/comments?post=52990"}],"version-history":[{"count":0,"href":"https:\/\/www.europesays.com\/pt\/wp-json\/wp\/v2\/posts\/52990\/revisions"}],"wp:featuredmedia":[{"embeddable":true,"href":"https:\/\/www.europesays.com\/pt\/wp-json\/wp\/v2\/media\/52991"}],"wp:attachment":[{"href":"https:\/\/www.europesays.com\/pt\/wp-json\/wp\/v2\/media?parent=52990"}],"wp:term":[{"taxonomy":"category","embeddable":true,"href":"https:\/\/www.europesays.com\/pt\/wp-json\/wp\/v2\/categories?post=52990"},{"taxonomy":"post_tag","embeddable":true,"href":"https:\/\/www.europesays.com\/pt\/wp-json\/wp\/v2\/tags?post=52990"}],"curies":[{"name":"wp","href":"https:\/\/api.w.org\/{rel}","templated":true}]}}