{"id":53025,"date":"2025-08-31T19:33:10","date_gmt":"2025-08-31T19:33:10","guid":{"rendered":"https:\/\/www.europesays.com\/pt\/53025\/"},"modified":"2025-08-31T19:33:10","modified_gmt":"2025-08-31T19:33:10","slug":"novo-metodo-permite-diagnosticar-sepsis-em-horas-em-vez-de-dias","status":"publish","type":"post","link":"https:\/\/www.europesays.com\/pt\/53025\/","title":{"rendered":"Novo m\u00e9todo permite diagnosticar s\u00e9psis em horas em vez de dias"},"content":{"rendered":"<p>Investigadores do KTH Royal Institute of Technology e da Universidade de Uppsala desenvolveram um m\u00e9todo que pode confirmar infe\u00e7\u00f5es por s\u00e9psis em apenas <strong>duas a seis horas<\/strong>, em vez dos v\u00e1rios dias necess\u00e1rios com os testes tradicionais de cultura de bact\u00e9rias. A t\u00e9cnica combina <strong>centrifuga\u00e7\u00e3o inteligente<\/strong> para separar bact\u00e9rias das c\u00e9lulas sangu\u00edneas e <strong>microscopia autom\u00e1tica<\/strong>, analisada por software de intelig\u00eancia artificial, acelerando significativamente o diagn\u00f3stico.<\/p>\n<p>A s\u00e9psis \u00e9 uma emerg\u00eancia m\u00e9dica em que cada hora de atraso no tratamento diminui a taxa de sobreviv\u00eancia em cerca de 8%. O m\u00e9todo permite identificar rapidamente o pat\u00f3geno, possibilitando iniciar <strong>o antibi\u00f3tico adequado mais cedo<\/strong>, evitando o uso prolongado de antibi\u00f3ticos de largo espectro, que podem prejudicar bact\u00e9rias ben\u00e9ficas do intestino e contribuir para resist\u00eancia a antibi\u00f3ticos.<\/p>\n<p>Nos testes realizados com amostras de sangue com bact\u00e9rias como <strong>E. coli, K. pneumoniae e E. faecalis<\/strong>, o sistema detectou eficazmente a infe\u00e7\u00e3o, mesmo em n\u00edveis muito baixos. No entanto, ainda n\u00e3o \u00e9 eficaz com <strong>Staphylococcus aureus<\/strong>, que se esconde em co\u00e1gulos sangu\u00edneos, e os investigadores est\u00e3o a trabalhar numa solu\u00e7\u00e3o para este caso.<\/p>\n<p>O processo inovador envolve uma camada l\u00edquida contendo apenas as bact\u00e9rias separadas, que \u00e9 depois analisada num <strong>chip com microcanais<\/strong>. Pequenas armadilhas capturam as bact\u00e9rias e o seu crescimento \u00e9 monitorizado por <strong>microscopia automatizada<\/strong>, permitindo que a intelig\u00eancia artificial identifique rapidamente a infe\u00e7\u00e3o. Este avan\u00e7o promete revolucionar o diagn\u00f3stico e tratamento precoce da s\u00e9psis.<\/p>\n","protected":false},"excerpt":{"rendered":"Investigadores do KTH Royal Institute of Technology e da Universidade de Uppsala desenvolveram um m\u00e9todo que pode confirmar&hellip;\n","protected":false},"author":2,"featured_media":13133,"comment_status":"","ping_status":"","sticky":false,"template":"","format":"standard","meta":{"footnotes":""},"categories":[86],"tags":[489,116,32,33,117],"class_list":{"0":"post-53025","1":"post","2":"type-post","3":"status-publish","4":"format-standard","5":"has-post-thumbnail","7":"category-saude","8":"tag-destaque-principal","9":"tag-health","10":"tag-portugal","11":"tag-pt","12":"tag-saude"},"share_on_mastodon":{"url":"","error":""},"_links":{"self":[{"href":"https:\/\/www.europesays.com\/pt\/wp-json\/wp\/v2\/posts\/53025","targetHints":{"allow":["GET"]}}],"collection":[{"href":"https:\/\/www.europesays.com\/pt\/wp-json\/wp\/v2\/posts"}],"about":[{"href":"https:\/\/www.europesays.com\/pt\/wp-json\/wp\/v2\/types\/post"}],"author":[{"embeddable":true,"href":"https:\/\/www.europesays.com\/pt\/wp-json\/wp\/v2\/users\/2"}],"replies":[{"embeddable":true,"href":"https:\/\/www.europesays.com\/pt\/wp-json\/wp\/v2\/comments?post=53025"}],"version-history":[{"count":0,"href":"https:\/\/www.europesays.com\/pt\/wp-json\/wp\/v2\/posts\/53025\/revisions"}],"wp:featuredmedia":[{"embeddable":true,"href":"https:\/\/www.europesays.com\/pt\/wp-json\/wp\/v2\/media\/13133"}],"wp:attachment":[{"href":"https:\/\/www.europesays.com\/pt\/wp-json\/wp\/v2\/media?parent=53025"}],"wp:term":[{"taxonomy":"category","embeddable":true,"href":"https:\/\/www.europesays.com\/pt\/wp-json\/wp\/v2\/categories?post=53025"},{"taxonomy":"post_tag","embeddable":true,"href":"https:\/\/www.europesays.com\/pt\/wp-json\/wp\/v2\/tags?post=53025"}],"curies":[{"name":"wp","href":"https:\/\/api.w.org\/{rel}","templated":true}]}}