{"id":53026,"date":"2025-08-31T19:37:22","date_gmt":"2025-08-31T19:37:22","guid":{"rendered":"https:\/\/www.europesays.com\/pt\/53026\/"},"modified":"2025-08-31T19:37:22","modified_gmt":"2025-08-31T19:37:22","slug":"polemica-kina-quebra-o-silencio-apos-acusacoes-do-enteado-big-brother","status":"publish","type":"post","link":"https:\/\/www.europesays.com\/pt\/53026\/","title":{"rendered":"Pol\u00e9mica! Kina quebra o sil\u00eancio ap\u00f3s acusa\u00e7\u00f5es do enteado &#8211; Big Brother"},"content":{"rendered":"<p data-end=\"631\" data-start=\"329\"><strong>Kina<\/strong>, ex-concorrente do <strong>Big Brother Ver\u00e3o<\/strong>, est\u00e1 envolvida numa nova pol\u00e9mica ap\u00f3s o enteado, H\u00e9lder, ter feito graves acusa\u00e7\u00f5es numa entrevista. O jovem alegou que a ex-estilista se ter\u00e1 aproveitado do seu pai, H\u00e9lder Correia, que faleceu durante a participa\u00e7\u00e3o de <strong>Kina <\/strong>no reality show da TVI.<\/p>\n<p data-end=\"902\" data-start=\"633\">Entre as acusa\u00e7\u00f5es, H\u00e9lder afirmou que Kina ter\u00e1 feito declara\u00e7\u00f5es ofensivas sobre o casamento e que ter\u00e1 gasto milh\u00f5es de euros pertencentes \u00e0 fam\u00edlia.<\/p>\n<p data-end=\"1249\" data-start=\"904\">Perante estas declara\u00e7\u00f5es, <strong>Kina<\/strong> reagiu atrav\u00e9s do seu representante, Marco Dias, em declara\u00e7\u00f5es exclusivas \u00e0 <a href=\"https:\/\/selfie.iol.pt\/\" target=\"_blank\" rel=\"nofollow noopener\"><strong>SELFIE<\/strong><\/a>. <strong>\u00ab\u00c9 tudo mentira! Est\u00e3o a difamar a Kina\u00bb<\/strong>, garantiu, acrescentando: <strong>\u00abA Kina nunca roubou nada a ningu\u00e9m. (&#8230;) A \u00fanica coisa que fez foi ajudar uma pessoa que os filhos fizeram quest\u00e3o de p\u00f4r num lar. Cuidou dele at\u00e9 aos \u00faltimos dias\u00bb<\/strong>.<\/p>\n<p data-end=\"1563\" data-start=\"1251\">O representante assegura ainda que a ex-concorrente do <strong>Big Brother Ver\u00e3o<\/strong> ir\u00e1 recorrer aos tribunais para responder judicialmente \u00e0s acusa\u00e7\u00f5es: <strong>\u00abTudo o que a Kina vai usar contra isto \u00e9 em tribunal e com os advogados, porque isto s\u00e3o difama\u00e7\u00f5es e uso de imagem indevida da mesma. N\u00e3o h\u00e1 nada de que a Kina tenha receio\u00bb<\/strong>.<\/p>\n","protected":false},"excerpt":{"rendered":"Kina, ex-concorrente do Big Brother Ver\u00e3o, est\u00e1 envolvida numa nova pol\u00e9mica ap\u00f3s o enteado, H\u00e9lder, ter feito graves&hellip;\n","protected":false},"author":2,"featured_media":53027,"comment_status":"","ping_status":"","sticky":false,"template":"","format":"standard","meta":{"footnotes":""},"categories":[85],"tags":[331,48,329,333,328,335,336,114,115,334,332,330,672,13,32,33,162,227],"class_list":{"0":"post-53026","1":"post","2":"type-post","3":"status-publish","4":"format-standard","5":"has-post-thumbnail","7":"category-entretenimento","8":"tag-big","9":"tag-big-brother","10":"tag-claudio-ramos","11":"tag-comentadores","12":"tag-concorrentes","13":"tag-confrontos","14":"tag-discussoes","15":"tag-entertainment","16":"tag-entretenimento","17":"tag-exclusivos","18":"tag-expulso","19":"tag-gala","20":"tag-kina","21":"tag-noticias","22":"tag-portugal","23":"tag-pt","24":"tag-tvi","25":"tag-videos"},"share_on_mastodon":{"url":"","error":""},"_links":{"self":[{"href":"https:\/\/www.europesays.com\/pt\/wp-json\/wp\/v2\/posts\/53026","targetHints":{"allow":["GET"]}}],"collection":[{"href":"https:\/\/www.europesays.com\/pt\/wp-json\/wp\/v2\/posts"}],"about":[{"href":"https:\/\/www.europesays.com\/pt\/wp-json\/wp\/v2\/types\/post"}],"author":[{"embeddable":true,"href":"https:\/\/www.europesays.com\/pt\/wp-json\/wp\/v2\/users\/2"}],"replies":[{"embeddable":true,"href":"https:\/\/www.europesays.com\/pt\/wp-json\/wp\/v2\/comments?post=53026"}],"version-history":[{"count":0,"href":"https:\/\/www.europesays.com\/pt\/wp-json\/wp\/v2\/posts\/53026\/revisions"}],"wp:featuredmedia":[{"embeddable":true,"href":"https:\/\/www.europesays.com\/pt\/wp-json\/wp\/v2\/media\/53027"}],"wp:attachment":[{"href":"https:\/\/www.europesays.com\/pt\/wp-json\/wp\/v2\/media?parent=53026"}],"wp:term":[{"taxonomy":"category","embeddable":true,"href":"https:\/\/www.europesays.com\/pt\/wp-json\/wp\/v2\/categories?post=53026"},{"taxonomy":"post_tag","embeddable":true,"href":"https:\/\/www.europesays.com\/pt\/wp-json\/wp\/v2\/tags?post=53026"}],"curies":[{"name":"wp","href":"https:\/\/api.w.org\/{rel}","templated":true}]}}