{"id":53032,"date":"2025-08-31T19:40:23","date_gmt":"2025-08-31T19:40:23","guid":{"rendered":"https:\/\/www.europesays.com\/pt\/53032\/"},"modified":"2025-08-31T19:40:23","modified_gmt":"2025-08-31T19:40:23","slug":"primeiros-barcos-da-flotilha-humanitaria-partiram-de-barcelona-rumo-a-gaza-espanha","status":"publish","type":"post","link":"https:\/\/www.europesays.com\/pt\/53032\/","title":{"rendered":"Primeiros barcos da flotilha humanit\u00e1ria partiram de Barcelona rumo a Gaza | Espanha"},"content":{"rendered":"<p>Cerca de 20 barcos da flotilha solid\u00e1ria que vai levar ajuda humanit\u00e1ria para a Faixa de Gaza partiram este domingo de Barcelona com 300 activistas a bordo, entre os quais a <a href=\"https:\/\/www.publico.pt\/2025\/08\/26\/politica\/noticia\/mortagua-segue-bordo-flotilha-gaza-estatuto-parlamentar-proteger-missao-2145063\" target=\"_blank\" rel=\"nofollow noopener\">deputada portuguesa Mariana Mort\u00e1gua<\/a> e a <a href=\"https:\/\/www.publico.pt\/2025\/06\/11\/video\/greta-thunberg-ja-suecia-sequestrada-israel-20250611-123559\" target=\"_blank\" rel=\"nofollow noopener\">activista sueca Greta Thunberg<\/a>.<\/p>\n<p>A deputada e l\u00edder do Bloco de Esquerda publicou um <a href=\"https:\/\/www.instagram.com\/p\/DOA0pOCDRKk\/\" target=\"_blank\" rel=\"nofollow noopener\">v\u00eddeo<\/a> na sua conta na rede social Instagram a assinalar a partida do porto de Barcelona, que mostra pessoas nas margens a despedirem-se da flotilha com grande entusiasmo e palavras de apoio a Gaza.<\/p>\n<p>De acordo com dados da Guardia Urbana, citados pela EFE, concentraram-se para a despedida da Global Sumud Flotilla cerca de 5000 pessoas em Moll de la Fusta.<\/p>\n<p>        &#13;<\/p>\n<p>&#13;<br \/>\n                &#13;\n            <\/p>\n<p>&#13;<\/p>\n<p>Desde sexta-feira que organiza\u00e7\u00f5es sociais e pr\u00f3-palestinianas organizaram actividades, conversas e concertos em Barcelona para receber as pessoas que embarcaram na flotilha humanit\u00e1ria e apoiar a miss\u00e3o e \u201cromper o cerco\u201d \u00e0 Faixa de Gaza imposto por Israel, criando um corredor humanit\u00e1rio.<\/p>\n<p>Entre os activistas est\u00e1 tamb\u00e9m a <a href=\"https:\/\/www.publico.pt\/2025\/08\/26\/p3\/noticia\/mariana-mortagua-miguel-duarte-sofia-aparicio-integram-flotilha-humanitaria-gaza-2144964\" target=\"_blank\" rel=\"nofollow noopener\">modelo e actriz portuguesa Sofia Apar\u00edcio<\/a>, que no s\u00e1bado publicou na sua conta no Instagram a dar conta do t\u00e9rmino de um segundo dia de forma\u00e7\u00e3o para os activistas, \u201ccentrado na n\u00e3o-viol\u00eancia\u201d, sublinhando o cariz humanit\u00e1rio da miss\u00e3o, protegido por conven\u00e7\u00f5es das Na\u00e7\u00f5es Unidas e da lei internacional.<\/p>\n<p>        &#13;<\/p>\n<blockquote class=\"instagram-media\" data-instgrm-captioned=\"\" data-instgrm-permalink=\"https:\/\/www.instagram.com\/reel\/DOA0pOCDRKk\/?utm_source=ig_embed&amp;utm_campaign=loading\" data-instgrm-version=\"14\" style=\" background:#FFF; border:0; border-radius:3px; box-shadow:0 0 1px 0 rgba(0,0,0,0.5),0 1px 10px 0 rgba(0,0,0,0.15); margin: 1px; max-width:540px; min-width:326px; padding:0; width:99.375%; width:-webkit-calc(100% - 2px); width:calc(100% - 2px);\"\/><p>&#13;<br \/>\n&#13;<\/p>\n<p>A Global Sumud Flotilla, uma frota humanit\u00e1ria com destino a Gaza, vai integrar cerca de 50 barcos com ajuda humanit\u00e1ria e centenas de pessoas a bordo, entre elas, activistas, pol\u00edticos, artistas ou outras figuras p\u00fablicas oriundas de 44 pa\u00edses.<\/p>\n<p>Os primeiros barcos sa\u00edram este domingo de Barcelona, no Nordeste de Espanha, e v\u00e3o juntar-se a outros, no dia 4 de Setembro (quinta-feira), em Tunes (Tun\u00edsia), oriundos de diversos portos do Mediterr\u00e2neo.<\/p>\n<p>A organiza\u00e7\u00e3o prev\u00ea que a viagem at\u00e9 Gaza leve perto de duas semanas.<\/p>\n<p>Tr\u00eas portugueses integram a Global Sumud Flotilla: a deputada Mariana Mort\u00e1gua, do Bloco de Esquerda, o <a href=\"https:\/\/www.publico.pt\/autor\/miguel-duarte\" target=\"_blank\" rel=\"nofollow noopener\">activista Miguel Duarte<\/a> e a actriz Sofia Apar\u00edcio.<\/p>\n<p>        &#13;<\/p>\n<p>&#13;<br \/>\n                &#13;\n            <\/p>\n<p>&#13;<\/p>\n<p>Miguel Duarte \u2014 que se tem dedicado aos direitos dos migrantes e ao <a href=\"https:\/\/www.publico.pt\/2021\/03\/03\/sociedade\/noticia\/jovem-portugues-acusado-auxilio-imigracao-ilegal-ilibado-devera-voltar-mar-breve-1952995\" target=\"_blank\" rel=\"nofollow noopener\">resgate de pessoas no Mediterr\u00e2neo<\/a> \u2014 disse \u00e0 Lusa que esta iniciativa pode ser \u201cum ponto de viragem na hist\u00f3ria destas \u2018flotillas\u2019 para Gaza\u201d, a partir do Mediterr\u00e2neo, que j\u00e1 t\u00eam quase duas d\u00e9cadas.<\/p>\n<p>Al\u00e9m da dimens\u00e3o, a Global Sumud Flotilla ter\u00e1, \u00e0 partida, uma visibilidade tamb\u00e9m in\u00e9dita, por integrar \u201cgente de muitos pa\u00edses e gente com plataformas\u201d, como \u201cdeputados e eurodeputados, activistas conhecidos, actores de cinema\u201d, sublinhou.<\/p>\n<p>As comitivas dos diversos pa\u00edses integram pol\u00edticos e outras figuras p\u00fablicas conhecidas das respectivas opini\u00f5es p\u00fablicas de cada pa\u00eds, estando tamb\u00e9m confirmada a presen\u00e7a de nomes conhecidos mundialmente, como o da activista sueca Greta Thunberg ou da actriz norte-americana Susan Sarandon.<\/p>\n<p>A Global Sumud Flotilha \u00e9 uma iniciativa de diversas organiza\u00e7\u00f5es n\u00e3o-governamentais, entre elas, a Flotilha da Liberdade, a Flotilha Sumud do Magrebe, o comboio Sumud Nusantara e do Movimento Global Para Gaza, bem como de outras organiza\u00e7\u00f5es internacionais.<\/p>\n<p>Israel tem em curso uma ofensiva militar na Faixa de Gaza desde que sofreu um ataque do movimento islamista palestiniano Hamas a 7 de Outubro de 2023, que causou mais de 1200 mortos e <a href=\"https:\/\/www.publico.pt\/2025\/08\/30\/mundo\/noticia\/israel-identifica-corpo-recuperado-gaza-refem-lusoisraelita-idan-shtivi-2145511\" target=\"_blank\" rel=\"nofollow noopener\">250 ref\u00e9ns<\/a>.<\/p>\n<p>De acordo com dados divulgados pelas autoridades do enclave palestiniano, a ofensiva lan\u00e7ada por Israel em Gaza j\u00e1 fez mais de 63 mil mortos.<\/p>\n<p>No dia 22 de Agosto, a <a href=\"https:\/\/www.publico.pt\/2025\/08\/22\/mundo\/noticia\/miseria-mortes-evitaveis-onu-declara-oficialmente-fome-gaza-2144678\" target=\"_blank\" rel=\"nofollow noopener\">ONU declarou oficialmente a fome na cidade de Gaza<\/a>, depois de os especialistas terem alertado que 500 mil pessoas se encontram numa situa\u00e7\u00e3o catastr\u00f3fica.<\/p>\n<p>            <script async src=\"\/\/www.instagram.com\/embed.js\"><\/script><\/p>\n","protected":false},"excerpt":{"rendered":"Cerca de 20 barcos da flotilha solid\u00e1ria que vai levar ajuda humanit\u00e1ria para a Faixa de Gaza partiram&hellip;\n","protected":false},"author":2,"featured_media":53033,"comment_status":"","ping_status":"","sticky":false,"template":"","format":"standard","meta":{"footnotes":""},"categories":[50],"tags":[946,27,28,640,257,15,16,15056,14,259,25,26,21,22,1737,62,12,13,19,20,23,24,17,18,29,30,31,63,64,65],"class_list":{"0":"post-53032","1":"post","2":"type-post","3":"status-publish","4":"format-standard","5":"has-post-thumbnail","7":"category-mundo","8":"tag-ajuda-humanitaria","9":"tag-breaking-news","10":"tag-breakingnews","11":"tag-espanha","12":"tag-faixa-de-gaza","13":"tag-featured-news","14":"tag-featurednews","15":"tag-greta-thunberg","16":"tag-headlines","17":"tag-israel","18":"tag-latest-news","19":"tag-latestnews","20":"tag-main-news","21":"tag-mainnews","22":"tag-mariana-mortagua","23":"tag-mundo","24":"tag-news","25":"tag-noticias","26":"tag-noticias-principais","27":"tag-noticiasprincipais","28":"tag-principais-noticias","29":"tag-principaisnoticias","30":"tag-top-stories","31":"tag-topstories","32":"tag-ultimas","33":"tag-ultimas-noticias","34":"tag-ultimasnoticias","35":"tag-world","36":"tag-world-news","37":"tag-worldnews"},"share_on_mastodon":{"url":"","error":""},"_links":{"self":[{"href":"https:\/\/www.europesays.com\/pt\/wp-json\/wp\/v2\/posts\/53032","targetHints":{"allow":["GET"]}}],"collection":[{"href":"https:\/\/www.europesays.com\/pt\/wp-json\/wp\/v2\/posts"}],"about":[{"href":"https:\/\/www.europesays.com\/pt\/wp-json\/wp\/v2\/types\/post"}],"author":[{"embeddable":true,"href":"https:\/\/www.europesays.com\/pt\/wp-json\/wp\/v2\/users\/2"}],"replies":[{"embeddable":true,"href":"https:\/\/www.europesays.com\/pt\/wp-json\/wp\/v2\/comments?post=53032"}],"version-history":[{"count":0,"href":"https:\/\/www.europesays.com\/pt\/wp-json\/wp\/v2\/posts\/53032\/revisions"}],"wp:featuredmedia":[{"embeddable":true,"href":"https:\/\/www.europesays.com\/pt\/wp-json\/wp\/v2\/media\/53033"}],"wp:attachment":[{"href":"https:\/\/www.europesays.com\/pt\/wp-json\/wp\/v2\/media?parent=53032"}],"wp:term":[{"taxonomy":"category","embeddable":true,"href":"https:\/\/www.europesays.com\/pt\/wp-json\/wp\/v2\/categories?post=53032"},{"taxonomy":"post_tag","embeddable":true,"href":"https:\/\/www.europesays.com\/pt\/wp-json\/wp\/v2\/tags?post=53032"}],"curies":[{"name":"wp","href":"https:\/\/api.w.org\/{rel}","templated":true}]}}