{"id":53038,"date":"2025-08-31T19:48:07","date_gmt":"2025-08-31T19:48:07","guid":{"rendered":"https:\/\/www.europesays.com\/pt\/53038\/"},"modified":"2025-08-31T19:48:07","modified_gmt":"2025-08-31T19:48:07","slug":"bruna-griphao-conquista-web-ao-posar-com-look-brilhante-amei","status":"publish","type":"post","link":"https:\/\/www.europesays.com\/pt\/53038\/","title":{"rendered":"Bruna Griphao conquista web ao posar com look brilhante: &#8216;Amei&#8217;"},"content":{"rendered":"<p><img decoding=\"async\" fetchpriority=\"high\" src=\"https:\/\/www.europesays.com\/pt\/wp-content\/uploads\/2025\/08\/70bplx6lceg9yfpptg1n931e8.jpg\" width=\"906\" height=\"509\" alt=\"Bruna Griphao\" title=\"Bruna Griphao\"\/>Reprodu\u00e7\u00e3o\/Instagram<\/p>\n<p>Bruna Griphao<\/p>\n<p class=\"\"><strong>Bruna Griphao<\/strong> conquistou o cora\u00e7\u00e3o dos seguidores neste domingo (31) ao surgir em uma mini sess\u00e3o de fotos em suas redes sociais. A atriz\u00a0apostou em um vestido azul de paet\u00ea com detalhes branco e dourado e fez diferentes poses para exibir o look nas imagens.<\/p>\n<p class=\"\">&#8220;Throwback pra quinta \ud83e\ude75&#8221; , dizia a legenda.<\/p>\n<p class=\"\">\u00a0Os cliques receberam uma chuva de mensagens carinhosas. &#8220;Que vestido PERFEITO&#8221;, disse uma delas. &#8220;Amei\u2764\ufe0f\u2764\ufe0f\u2764\ufe0f\u2764\ufe0f\u2764\ufe0f\u2764\ufe0f&#8221;, revelou uma outra. &#8220;Que linda amigaaaaa\u2764\ufe0f&#8221;, publicou uma terceira.<\/p>\n<p>Recentemente, Bruna\u00a0postou um \u00e1lbum de fotos com diferentes registros de sua vida. Nas imagens, \u00e9 poss\u00edvel observar que ela tem se divertido.<\/p>\n<p>Em uma delas, a atriz\u00a0apostou em um biqu\u00edni de croch\u00ea para renovar o bronzeado. J\u00e1 em outra, ela surgiu com um sorriso largo ao lado de amigos.<\/p>\n","protected":false},"excerpt":{"rendered":"Reprodu\u00e7\u00e3o\/Instagram Bruna Griphao Bruna Griphao conquistou o cora\u00e7\u00e3o dos seguidores neste domingo (31) ao surgir em uma mini&hellip;\n","protected":false},"author":2,"featured_media":53039,"comment_status":"","ping_status":"","sticky":false,"template":"","format":"standard","meta":{"footnotes":""},"categories":[145],"tags":[15397,211,210,114,115,15396,32,33],"class_list":{"0":"post-53038","1":"post","2":"type-post","3":"status-publish","4":"format-standard","5":"has-post-thumbnail","7":"category-celebridades","8":"tag-bruna-griphao","9":"tag-celebridades","10":"tag-celebrities","11":"tag-entertainment","12":"tag-entretenimento","13":"tag-fashionista","14":"tag-portugal","15":"tag-pt"},"share_on_mastodon":{"url":"","error":""},"_links":{"self":[{"href":"https:\/\/www.europesays.com\/pt\/wp-json\/wp\/v2\/posts\/53038","targetHints":{"allow":["GET"]}}],"collection":[{"href":"https:\/\/www.europesays.com\/pt\/wp-json\/wp\/v2\/posts"}],"about":[{"href":"https:\/\/www.europesays.com\/pt\/wp-json\/wp\/v2\/types\/post"}],"author":[{"embeddable":true,"href":"https:\/\/www.europesays.com\/pt\/wp-json\/wp\/v2\/users\/2"}],"replies":[{"embeddable":true,"href":"https:\/\/www.europesays.com\/pt\/wp-json\/wp\/v2\/comments?post=53038"}],"version-history":[{"count":0,"href":"https:\/\/www.europesays.com\/pt\/wp-json\/wp\/v2\/posts\/53038\/revisions"}],"wp:featuredmedia":[{"embeddable":true,"href":"https:\/\/www.europesays.com\/pt\/wp-json\/wp\/v2\/media\/53039"}],"wp:attachment":[{"href":"https:\/\/www.europesays.com\/pt\/wp-json\/wp\/v2\/media?parent=53038"}],"wp:term":[{"taxonomy":"category","embeddable":true,"href":"https:\/\/www.europesays.com\/pt\/wp-json\/wp\/v2\/categories?post=53038"},{"taxonomy":"post_tag","embeddable":true,"href":"https:\/\/www.europesays.com\/pt\/wp-json\/wp\/v2\/tags?post=53038"}],"curies":[{"name":"wp","href":"https:\/\/api.w.org\/{rel}","templated":true}]}}