{"id":53042,"date":"2025-08-31T19:51:07","date_gmt":"2025-08-31T19:51:07","guid":{"rendered":"https:\/\/www.europesays.com\/pt\/53042\/"},"modified":"2025-08-31T19:51:07","modified_gmt":"2025-08-31T19:51:07","slug":"reacao-de-catarina-miranda-ao-noivado-de-luiza-abreu-e-joao-moura-caetano-gera-burburinho-big-brother","status":"publish","type":"post","link":"https:\/\/www.europesays.com\/pt\/53042\/","title":{"rendered":"Rea\u00e7\u00e3o de Catarina Miranda ao noivado de Lu\u00edza Abreu e Jo\u00e3o Moura Caetano gera burburinho &#8211; Big Brother"},"content":{"rendered":"<p data-end=\"518\" data-start=\"205\">O Especial do Big Brother Ver\u00e3o trouxe um dos momentos mais aguardados da edi\u00e7\u00e3o: os concorrentes puderam ver um resumo das not\u00edcias que marcaram o mundo desde que entraram na casa. A produ\u00e7\u00e3o mostrou uma VT com acontecimentos recentes e, entre eles, destacou-se<a href=\"https:\/\/tvi.iol.pt\/bigbrother\/luiza-abreu\/joao-moura-caetano\/e-oficial-joao-moura-caetano-e-luiza-abreu-estao-noivos-e-nos-mostramos-o-pedido-e-o-anel\" rel=\"nofollow noopener\" target=\"_blank\"> o noivado de Lu\u00edza Abreu com Jo\u00e3o Moura Caetano.<\/a><\/p>\n<p data-end=\"868\" data-start=\"520\">A<a href=\"https:\/\/tvi.iol.pt\/bigbrother\/joao-moura-caetano\/luiza-abreu\/revelacoes-exclusivas-joao-moura-caetano-pediu-luiza-abreu-em-casamento-e-estes-sao-os-detalhes\" rel=\"nofollow noopener\" target=\"_blank\"> revela\u00e7\u00e3o apanhou todos de surpresa<\/a>, mas foi a rea\u00e7\u00e3o de Catarina Miranda que mais se destacou. Assim que as imagens passaram, a concorrente ficou boquiaberta e manteve-se em completo espanto, sem conseguir esconder a incredulidade. A sua rea\u00e7\u00e3o foi imediata e clara, contrastando com a postura de felicidade generalizada dos restantes colegas.<\/p>\n<p data-end=\"1126\" data-start=\"870\">No final da VT, Maria Botelho Moniz n\u00e3o resistiu a partilhar a emo\u00e7\u00e3o e lan\u00e7ou um grito de alegria: <a href=\"https:\/\/tvi.iol.pt\/bigbrother\/luiza-abreu\/joao-moura-caetano\/e-nestas-alturas-que-tem-que-se-dar-a-cara-a-declaracao-emotiva-de-joao-moura-caetano-sobre-luiza-abreu\" rel=\"nofollow noopener\" target=\"_blank\">\u00abA Lu\u00edza est\u00e1 noiva!\u00bb<\/a>. A not\u00edcia encheu a sala de entusiasmo e v\u00e1rios concorrentes sorriram e aplaudiram a novidade, partilhando da felicidade do momento.<\/p>\n<p data-end=\"1547\" data-start=\"1128\">Ainda assim, Miranda n\u00e3o acompanhou o esp\u00edrito festivo. Apesar do ambiente animado, continuou visivelmente surpreendida e incr\u00e9dula, mantendo-se boquiaberta mesmo depois de o tema j\u00e1 ter sido encerrado. J\u00e1 no final, acrescentou: <strong>\u00abEu n\u00e3o posso falar muito sobre este assunto mas estou sem palavras&#8230; mas n\u00e3o \u00e9 bom\u00bb<\/strong>. Pouco depois, completou: <strong>\u00abQuero que sejam muito muito felizes mas&#8230; enfim, que tudo lhes corra bem\u00bb.<\/strong><\/p>\n","protected":false},"excerpt":{"rendered":"O Especial do Big Brother Ver\u00e3o trouxe um dos momentos mais aguardados da edi\u00e7\u00e3o: os concorrentes puderam ver&hellip;\n","protected":false},"author":2,"featured_media":53043,"comment_status":"","ping_status":"","sticky":false,"template":"","format":"standard","meta":{"footnotes":""},"categories":[142],"tags":[331,48,329,333,328,335,336,114,115,334,332,330,13,32,33,151,162,227],"class_list":{"0":"post-53042","1":"post","2":"type-post","3":"status-publish","4":"format-standard","5":"has-post-thumbnail","7":"category-tv","8":"tag-big","9":"tag-big-brother","10":"tag-claudio-ramos","11":"tag-comentadores","12":"tag-concorrentes","13":"tag-confrontos","14":"tag-discussoes","15":"tag-entertainment","16":"tag-entretenimento","17":"tag-exclusivos","18":"tag-expulso","19":"tag-gala","20":"tag-noticias","21":"tag-portugal","22":"tag-pt","23":"tag-tv","24":"tag-tvi","25":"tag-videos"},"share_on_mastodon":{"url":"","error":""},"_links":{"self":[{"href":"https:\/\/www.europesays.com\/pt\/wp-json\/wp\/v2\/posts\/53042","targetHints":{"allow":["GET"]}}],"collection":[{"href":"https:\/\/www.europesays.com\/pt\/wp-json\/wp\/v2\/posts"}],"about":[{"href":"https:\/\/www.europesays.com\/pt\/wp-json\/wp\/v2\/types\/post"}],"author":[{"embeddable":true,"href":"https:\/\/www.europesays.com\/pt\/wp-json\/wp\/v2\/users\/2"}],"replies":[{"embeddable":true,"href":"https:\/\/www.europesays.com\/pt\/wp-json\/wp\/v2\/comments?post=53042"}],"version-history":[{"count":0,"href":"https:\/\/www.europesays.com\/pt\/wp-json\/wp\/v2\/posts\/53042\/revisions"}],"wp:featuredmedia":[{"embeddable":true,"href":"https:\/\/www.europesays.com\/pt\/wp-json\/wp\/v2\/media\/53043"}],"wp:attachment":[{"href":"https:\/\/www.europesays.com\/pt\/wp-json\/wp\/v2\/media?parent=53042"}],"wp:term":[{"taxonomy":"category","embeddable":true,"href":"https:\/\/www.europesays.com\/pt\/wp-json\/wp\/v2\/categories?post=53042"},{"taxonomy":"post_tag","embeddable":true,"href":"https:\/\/www.europesays.com\/pt\/wp-json\/wp\/v2\/tags?post=53042"}],"curies":[{"name":"wp","href":"https:\/\/api.w.org\/{rel}","templated":true}]}}