{"id":53044,"date":"2025-08-31T19:52:18","date_gmt":"2025-08-31T19:52:18","guid":{"rendered":"https:\/\/www.europesays.com\/pt\/53044\/"},"modified":"2025-08-31T19:52:18","modified_gmt":"2025-08-31T19:52:18","slug":"5-doramas-para-assistir-recomendados-pelo-bts","status":"publish","type":"post","link":"https:\/\/www.europesays.com\/pt\/53044\/","title":{"rendered":"5 doramas para assistir recomendados pelo BTS"},"content":{"rendered":"<p>Se voc\u00ea \u00e9 f\u00e3 do <a href=\"https:\/\/x.com\/bts_bighit\" target=\"_blank\" rel=\"noopener nofollow\">BTS<\/a>, j\u00e1 sabe que, sempre que podem, os integrantes costumam compartilhar com frequ\u00eancia aos f\u00e3s suas recentes prefer\u00eancias, incluindo indica\u00e7\u00f5es de filmes, s\u00e9ries, m\u00fasicas, livros e muito mais.<\/p>\n<p>A atitude, al\u00e9m de aproximar ainda mais o fandom dos artistas, tamb\u00e9m \u00e9 uma forma de demonstrar um pouco mais da personalidade de cada um fora dos palcos, ao revelarem seus gostos pessoais e aquilo que gostam de assistir, escutar ou ler em momentos de descanso.<\/p>\n<p>Pensando nisso, a RECREIO reuniu 5 <a href=\"https:\/\/recreio.com.br\/tags\/k-drama\" target=\"_blank\" rel=\"noopener nofollow\">doramas<\/a> que j\u00e1 foram indicados pelos integrantes do BTS para voc\u00ea assistir e conhecer um pouco mais dos gostos idols. Confira!<\/p>\n<p> 1. Vinte e Cinco, Vinte e Um <img loading=\"lazy\" decoding=\"async\" class=\"size-full wp-image-47818 img-fluid lazy\" alt=\"\" width=\"1280\" height=\"720\" src=\"https:\/\/www.europesays.com\/pt\/wp-content\/uploads\/2025\/08\/Vinte-e-Cinco-Vinte-e-Um_capa-1.jpg\"  \/>Imagem promocional de \u2018Vinte e Cinco, Vinte e Um\u2019 \u2013 Divulga\u00e7\u00e3o\/Netflix <\/p>\n<p><strong>Indicado por:<\/strong> Jungkook<\/p>\n<p><strong>Classifica\u00e7\u00e3o indicativa:<\/strong> N\u00e3o recomendado para menores de 12 anos<\/p>\n<p><strong>Sinopse:<\/strong> \u201cEm uma \u00e9poca de crise, uma esgrimista adolescente vai atr\u00e1s de seu grande sonho e conhece um jovem esfor\u00e7ado que quer reconstruir a vida\u201d.<\/p>\n<p><strong>Onde assistir:<\/strong> <a href=\"https:\/\/www.netflix.com\/br\/\" target=\"_blank\" rel=\"noopener nofollow\">Netflix<\/a><\/p>\n<p>  2. Em Movimento <img loading=\"lazy\" decoding=\"async\" class=\"size-full wp-image-49271 img-fluid lazy\" alt=\"\" width=\"1280\" height=\"720\" src=\"https:\/\/www.europesays.com\/pt\/wp-content\/uploads\/2025\/08\/Em-Movimento-capa.jpg\"  \/>Imagem promocional do k-drama \u2018Em Movimento\u2019 \u2013 Divulga\u00e7\u00e3o\/Disney+ <\/p>\n<p><strong>Indicado por:<\/strong> Jimin<\/p>\n<p><strong>Classifica\u00e7\u00e3o indicativa:<\/strong> N\u00e3o recomendado para menores de 16 anos<\/p>\n<p><strong>Sinopse:<\/strong> \u201cNesta s\u00e9rie de a\u00e7\u00e3o sobrenatural, jovens que escondem seus poderes, e seus pais, que vivem com segredos dolorosos do passado, enfrentam grandes perigos juntos\u201d.<\/p>\n<p><strong>Onde assistir:<\/strong> Disney+<\/p>\n<p>\t  3. SKY Castle <img loading=\"lazy\" decoding=\"async\" class=\"size-full wp-image-44479 img-fluid lazy\" alt=\"\" width=\"1280\" height=\"720\" src=\"https:\/\/www.europesays.com\/pt\/wp-content\/uploads\/2025\/08\/sky-castle-capa.jpg\"\/>Imagem promocional do k-drama \u2018SKY Castle\u2019 (2018) \u2013 Divulga\u00e7\u00e3o\/Viki <\/p>\n<p><strong>Indicado por:<\/strong> Suga<\/p>\n<p><strong>Classifica\u00e7\u00e3o indicativa:<\/strong> N\u00e3o recomendado para menores de 16 anos<\/p>\n<p><strong>Sinopse:<\/strong> \u201cO sucesso dos filhos \u00e9 tudo o que importa para os membros da elite coreana que vivem em Sky Castle, um exclusivo condom\u00ednio de luxo\u201d.<\/p>\n<p><strong>Onde assistir:<\/strong> Netflix<\/p>\n<p>  4. Boys Over Flowers <img loading=\"lazy\" decoding=\"async\" class=\"size-full wp-image-44976 img-fluid lazy\" alt=\"\" width=\"1200\" height=\"675\" src=\"https:\/\/www.europesays.com\/pt\/wp-content\/uploads\/2025\/08\/boys-over-flowers.jpg\"\/>Imagem promocional do k-drama \u2018Boys Over Flowers\u2019 \u2013 Divulga\u00e7\u00e3o\/KBS <\/p>\n<p><strong>Indicado por:<\/strong> Jin<\/p>\n<p><strong>Classifica\u00e7\u00e3o indicativa:<\/strong> N\u00e3o recomendado para menores de 14 anos<\/p>\n<p><strong>Sinopse:<\/strong> \u201cJan Di (<a href=\"https:\/\/pt.wikipedia.org\/wiki\/Koo_Hye-sun\" target=\"_blank\" rel=\"noopener nofollow\"><strong>Ku Hye Sun<\/strong><\/a>) \u00e9 uma estudante do ensino m\u00e9dio esfor\u00e7ada que consegue uma bolsa de estudos em uma escola muito prestigiada e frequentada pela elite, incluindo os F4, os quatro garotos mais ricos da escola. Jan Di \u00e9 uma garota reservada que n\u00e3o \u00e9 de causar problemas\u2026 mas, quando sua melhor amiga sem querer derruba sorvete no l\u00edder do F4, Goo Joon Pyo (<strong>Lee Min Ho<\/strong>), Jan Di precisa defend\u00ea-la, e seu anonimato vai por \u00e1gua abaixo, e o F4 n\u00e3o a deixa mais em paz. No entanto, \u00e0 medida que Jan Di aprende mais sobre o F4, ela percebe que tem coisas que v\u00e3o al\u00e9m das apar\u00eancias, e Joon Pyo percebe a mesma coisa sobre ela\u201d.<\/p>\n<p><strong>Onde assistir:<\/strong> Viki, Netflix<\/p>\n<p>  5. Pachinko <img loading=\"lazy\" decoding=\"async\" class=\"size-full wp-image-46360 img-fluid lazy\" alt=\"\" width=\"1280\" height=\"720\" src=\"https:\/\/www.europesays.com\/pt\/wp-content\/uploads\/2025\/08\/Pachinko.jpg\"  \/>Cena de \u2018Pachinko\u2019 (2022) \u2013 Reprodu\u00e7\u00e3o\/Apple TV <\/p>\n<p><strong>Indicado por:<\/strong> RM<\/p>\n<p><strong>Classifica\u00e7\u00e3o indicativa:<\/strong> N\u00e3o recomendada para menores de 16 anos<\/p>\n<p><strong>Sinopse:<\/strong> \u201cBaseada no best-seller do New York Times, esta saga arrebatadora narra as esperan\u00e7as e sonhos de uma fam\u00edlia de imigrantes coreanos ao longo de quatro gera\u00e7\u00f5es, ao deixar sua terra natal em uma busca indom\u00e1vel para sobreviver e prosperar\u201d.<\/p>\n<p><strong>Onde assistir:<\/strong> Apple TV, Prime Video<\/p>\n<p>        <a href=\"https:\/\/recreio.com.br\/noticias\/author\/daniela-bazi\" rel=\"nofollow noopener\" target=\"_blank\">&#13;<br \/>\n          <img alt=\"Daniela Bazi\" src=\"https:\/\/www.europesays.com\/pt\/wp-content\/uploads\/2025\/08\/1756669938_557_701cc86240953f42e068ecf8a0bb18dadb05bc88d7e776f8edb20aaea33b4eea\"  class=\"avatar avatar-115 photo rounded-circle mr-3\" height=\"115\" width=\"115\" loading=\"lazy\" decoding=\"async\"\/>        <\/a><\/p>\n<p><strong>Daniela Bazi<\/strong> \u00e9 jornalista graduada pela UNINOVE, e bruxa formada na Escola de Magia e Bruxaria de Hogwarts. Amante de anima\u00e7\u00f5es, filmes e s\u00e9ries, tamb\u00e9m \u00e9 f\u00e3 de divas pop, entusiasta da Disney e k-popper nas horas vagas.<\/p>\n","protected":false},"excerpt":{"rendered":"Se voc\u00ea \u00e9 f\u00e3 do BTS, j\u00e1 sabe que, sempre que podem, os integrantes costumam compartilhar com frequ\u00eancia&hellip;\n","protected":false},"author":2,"featured_media":53045,"comment_status":"","ping_status":"","sticky":false,"template":"","format":"standard","meta":{"footnotes":""},"categories":[141],"tags":[15398,2344,2081,15399,114,115,3091,1688,149,150,15400,32,33,15401,15402],"class_list":{"0":"post-53044","1":"post","2":"type-post","3":"status-publish","4":"format-standard","5":"has-post-thumbnail","7":"category-musica","8":"tag-boys-over-flowers","9":"tag-bts","10":"tag-dorama","11":"tag-em-movimento","12":"tag-entertainment","13":"tag-entretenimento","14":"tag-k-drama","15":"tag-k-pop","16":"tag-music","17":"tag-musica","18":"tag-pachinko","19":"tag-portugal","20":"tag-pt","21":"tag-sky-castle","22":"tag-vinte-e-cinco-vinte-e-um"},"share_on_mastodon":{"url":"","error":""},"_links":{"self":[{"href":"https:\/\/www.europesays.com\/pt\/wp-json\/wp\/v2\/posts\/53044","targetHints":{"allow":["GET"]}}],"collection":[{"href":"https:\/\/www.europesays.com\/pt\/wp-json\/wp\/v2\/posts"}],"about":[{"href":"https:\/\/www.europesays.com\/pt\/wp-json\/wp\/v2\/types\/post"}],"author":[{"embeddable":true,"href":"https:\/\/www.europesays.com\/pt\/wp-json\/wp\/v2\/users\/2"}],"replies":[{"embeddable":true,"href":"https:\/\/www.europesays.com\/pt\/wp-json\/wp\/v2\/comments?post=53044"}],"version-history":[{"count":0,"href":"https:\/\/www.europesays.com\/pt\/wp-json\/wp\/v2\/posts\/53044\/revisions"}],"wp:featuredmedia":[{"embeddable":true,"href":"https:\/\/www.europesays.com\/pt\/wp-json\/wp\/v2\/media\/53045"}],"wp:attachment":[{"href":"https:\/\/www.europesays.com\/pt\/wp-json\/wp\/v2\/media?parent=53044"}],"wp:term":[{"taxonomy":"category","embeddable":true,"href":"https:\/\/www.europesays.com\/pt\/wp-json\/wp\/v2\/categories?post=53044"},{"taxonomy":"post_tag","embeddable":true,"href":"https:\/\/www.europesays.com\/pt\/wp-json\/wp\/v2\/tags?post=53044"}],"curies":[{"name":"wp","href":"https:\/\/api.w.org\/{rel}","templated":true}]}}