{"id":53048,"date":"2025-08-31T19:54:08","date_gmt":"2025-08-31T19:54:08","guid":{"rendered":"https:\/\/www.europesays.com\/pt\/53048\/"},"modified":"2025-08-31T19:54:08","modified_gmt":"2025-08-31T19:54:08","slug":"fc-barcelona-derrota-sporting-e-conquista-mais-uma-supertaca-iberica-zerozero-pt","status":"publish","type":"post","link":"https:\/\/www.europesays.com\/pt\/53048\/","title":{"rendered":"FC Barcelona derrota Sporting e conquista mais uma Superta\u00e7a Ib\u00e9rica &#8211; zerozero.pt"},"content":{"rendered":"<ol>\n<li><a href=\"https:\/\/news.google.com\/rss\/articles\/CBMirAFBVV95cUxPcUJjb0F4eVQwSjItOERzNWZrYVBnWG5xS3FqdEhTV3VibGtoellpeE1RX2p1NTRSaVJ6ZGZrTE50LXlSR0NtQ0Y4bTU3cmJ0aGpTNEU1cU01T0lHQk1WbUNmTmEzUVg4TW1SLTB3dkdqWndCYl9jbWswYngzblhKYTZJVV9LRkFFQW9WaE1UOGZ0bXBfaWM2dEpkR09SYXd1Y3VSM2F5emlnWWhs?oc=5\" target=\"_blank\" rel=\"nofollow noopener\">FC Barcelona derrota Sporting e conquista mais uma Superta\u00e7a Ib\u00e9rica<\/a>&nbsp;&nbsp;zerozero.pt<\/li>\n<li><a href=\"https:\/\/news.google.com\/rss\/articles\/CBMiwwFBVV95cUxQbFRJZ2M1OXVleV84REQ3M1l4LXpraDBoSFdubjNVdks2VEVkV1NNdVBlTkVDVVhFazdobDdGR0hocENubk5YVXc0Q1pkaUgtTXdSN0lheHktWU5aUU16eHJCaFpmM0ExZ00zV1k4dExkVDFwTkVHbFRBZnBvNU1qb1A0NnRkYWpVTkFRRTJoY1ZXN2lhQ29DeWxSUEJ6YUpNb29KZDRwNEsyZ1d3VEd4WlNsa2NLTV8xOV9hQ3ZqSi04bU0?oc=5\" target=\"_blank\" rel=\"nofollow noopener\">Sporting deixa escapar Superta\u00e7a Ib\u00e9rica para o Bar\u00e7a nos sete metros<\/a>&nbsp;&nbsp;RTP<\/li>\n<li><a href=\"https:\/\/news.google.com\/rss\/articles\/CBMisAFBVV95cUxQOUxvSm9Ebi05VUd2bnFoRTM3MFBmM19mTUZWOXpQZVdRNkJYeF9YVXphdVNob1RuR0dUczNxekJQQmJmZmYxcm5pSmZUNEJKQW5sYXdvcVhwdE9PNHZjd1lkRmpmRC1UOE5URlZuaEl1N3N3cXNlNUUwSDFIYkFWaVNXQmQ4VlVfYW9XNENSV1NxV1J5a0lCUFVzVnlkUnBpaWdkZDRnRzkyMk5BTFhhZA?oc=5\" target=\"_blank\" rel=\"nofollow noopener\">Barcelona vence FC Porto e est\u00e1 na final da Superta\u00e7a Ib\u00e9rica<\/a>&nbsp;&nbsp;A Bola<\/li>\n<li><a href=\"https:\/\/news.google.com\/rss\/articles\/CBMi0AFBVV95cUxPemZKSk95X0M5YUFSTEx4Q0RIRm5VbjVYSi1STFJDR1BGeXd1RmFyZU9ZR25rVl9QVXAxTDhUSjlTdGh2bU1tWDY3bEZNdnJnN0ZnTjJvMmdFT2ZCS2JZSlVzYmY2ZzU2b1BTYVNJUGszUnpmdk1sV090UnpoRGl2dTJKYWtrWWJPeXQ4UVRSaDVJRDU1VFl1UnZuOElTTmNqNTlvcm1BMnIxYWFvNXcyZ0xCQ2Z2Vjk2Q0dBU2NTOUJ4WEdhaUxpQTNwZG5fR0NC?oc=5\" target=\"_blank\" rel=\"nofollow noopener\">O remake do filme habitual: Sporting goleia Ademar Le\u00f3n e vai discutir Superta\u00e7a Ib\u00e9rica com Barcelona<\/a>&nbsp;&nbsp;Observador<\/li>\n<li><a href=\"https:\/\/news.google.com\/rss\/articles\/CBMipwFBVV95cUxPQnRWX3ZCQURaM0lnWTh4LWdFbjRNS3BxSTh3OVlpZ01TbHBHZThGWkk4RjAtb3JFeE56WkotVXNPTkh2alRtR1Z1c2pRSUpaNldpMnBSWTktS3BmV0RjdmJ5Nm5ZSnYwSzl1MG9HWmZHczdwMGFBMFg3aDMtQ29McDZfaVRQdThkcXRlUVlHZlRqS2x3MWYzUm1McEdyS0Rsc2hZbktIWQ?oc=5\" target=\"_blank\" rel=\"nofollow noopener\">Superta\u00e7a Ib\u00e9rica Placard 2025: Bar\u00e7a volta a conquistar a medalha de ouro<\/a>&nbsp;&nbsp;Federa\u00e7\u00e3o de Andebol de Portugal<\/li>\n<\/ol>\n","protected":false},"excerpt":{"rendered":"FC Barcelona derrota Sporting e conquista mais uma Superta\u00e7a Ib\u00e9rica&nbsp;&nbsp;zerozero.pt Sporting deixa escapar Superta\u00e7a Ib\u00e9rica para o Bar\u00e7a&hellip;\n","protected":false},"author":2,"featured_media":53049,"comment_status":"","ping_status":"","sticky":false,"template":"","format":"standard","meta":{"footnotes":""},"categories":[87],"tags":[135,526,524,13,32,33,527,525,134,523],"class_list":{"0":"post-53048","1":"post","2":"type-post","3":"status-publish","4":"format-standard","5":"has-post-thumbnail","7":"category-desporto","8":"tag-desporto","9":"tag-football","10":"tag-futebol","11":"tag-noticias","12":"tag-portugal","13":"tag-pt","14":"tag-resultados","15":"tag-soccer","16":"tag-sports","17":"tag-zerozero"},"share_on_mastodon":{"url":"","error":""},"_links":{"self":[{"href":"https:\/\/www.europesays.com\/pt\/wp-json\/wp\/v2\/posts\/53048","targetHints":{"allow":["GET"]}}],"collection":[{"href":"https:\/\/www.europesays.com\/pt\/wp-json\/wp\/v2\/posts"}],"about":[{"href":"https:\/\/www.europesays.com\/pt\/wp-json\/wp\/v2\/types\/post"}],"author":[{"embeddable":true,"href":"https:\/\/www.europesays.com\/pt\/wp-json\/wp\/v2\/users\/2"}],"replies":[{"embeddable":true,"href":"https:\/\/www.europesays.com\/pt\/wp-json\/wp\/v2\/comments?post=53048"}],"version-history":[{"count":0,"href":"https:\/\/www.europesays.com\/pt\/wp-json\/wp\/v2\/posts\/53048\/revisions"}],"wp:featuredmedia":[{"embeddable":true,"href":"https:\/\/www.europesays.com\/pt\/wp-json\/wp\/v2\/media\/53049"}],"wp:attachment":[{"href":"https:\/\/www.europesays.com\/pt\/wp-json\/wp\/v2\/media?parent=53048"}],"wp:term":[{"taxonomy":"category","embeddable":true,"href":"https:\/\/www.europesays.com\/pt\/wp-json\/wp\/v2\/categories?post=53048"},{"taxonomy":"post_tag","embeddable":true,"href":"https:\/\/www.europesays.com\/pt\/wp-json\/wp\/v2\/tags?post=53048"}],"curies":[{"name":"wp","href":"https:\/\/api.w.org\/{rel}","templated":true}]}}